{"id":51668,"date":"2024-09-28T22:38:07","date_gmt":"2024-09-28T22:38:07","guid":{"rendered":"https:\/\/todoapulmon-rafaela.com\/?p=51668"},"modified":"2024-09-28T22:38:07","modified_gmt":"2024-09-28T22:38:07","slug":"accos-siguio-sumando-medallas-con-los-grandes-y-los-chicos","status":"publish","type":"post","link":"https:\/\/todoapulmon-rafaela.com\/index.php\/2024\/09\/28\/accos-siguio-sumando-medallas-con-los-grandes-y-los-chicos\/","title":{"rendered":"ACCOS sigui\u00f3 sumando medallas con los grandes y los chicos"},"content":{"rendered":"<p>El s\u00e1bado fue otra exitosa jornada en el Argentino de Pista que se realiza en San Juan para la delegaci\u00f3n de la ACCOS y el Club Ciclista de Rafaela.<br \/>\nNatalia Vera obtuvo su tercera medalla dorada individual al imponerse en el keirin. En segundo puesto qued\u00f3 Delfina Mavar (Santafesina) y tercera Milagros Sanabria (Entre R\u00edos).<br \/>\nPor su parte, tambi\u00e9n entre los Elite, el ca\u00f1adense Alejo Betique se qued\u00f3 con la victoria en el kil\u00f3metro con tiempo de 1m 02s 294 mil\u00e9simas, aventajando a Lucas Vilar (Mar y Sierras) y Juan Rodriguez (Sanluise\u00f1a).<\/p>\n<p><img loading=\"lazy\" decoding=\"async\" class=\"alignnone size-full wp-image-51690\" src=\"https:\/\/todoapulmon-rafaela.com\/wp-content\/uploads\/2024\/09\/IMG-20240928-WA0014.jpg\" alt=\"\" width=\"1200\" height=\"1600\" srcset=\"https:\/\/todoapulmon-rafaela.com\/wp-content\/uploads\/2024\/09\/IMG-20240928-WA0014.jpg 1200w, https:\/\/todoapulmon-rafaela.com\/wp-content\/uploads\/2024\/09\/IMG-20240928-WA0014-225x300.jpg 225w, https:\/\/todoapulmon-rafaela.com\/wp-content\/uploads\/2024\/09\/IMG-20240928-WA0014-1125x1500.jpg 1125w, https:\/\/todoapulmon-rafaela.com\/wp-content\/uploads\/2024\/09\/IMG-20240928-WA0014-1152x1536.jpg 1152w\" sizes=\"(max-width: 1200px) 100vw, 1200px\" \/><br \/>\nAdem\u00e1s, en la categor\u00eda 2009, Federico Dalmasso se qued\u00f3 con la victoria en los 500 metros. El oriundo de Bella Italia prevaleci\u00f3n con un tiempo de 35s 160 mil\u00e9simas. Fue su escolta Valent\u00edn Castro (ACRU) y tercero Adri\u00e1n Castro (Olavarr\u00eda).<br \/>\nCabe mencionar que ayer en el Omnium Sub 23 fue cuarto Mat\u00edas Pernuzzi, rafaelino que represent\u00f3 a Litoral Santafesino, en tanto que hoy en el kil\u00f3metro junior qued\u00f3 tambi\u00e9n cuarto y muy cerquita del podio el rafaelino Luciano Ambort.<\/p>\n<p><img loading=\"lazy\" decoding=\"async\" class=\"alignnone size-full wp-image-51691\" src=\"https:\/\/todoapulmon-rafaela.com\/wp-content\/uploads\/2024\/09\/IMG-20240928-WA0012.jpg\" alt=\"\" width=\"1200\" height=\"1600\" srcset=\"https:\/\/todoapulmon-rafaela.com\/wp-content\/uploads\/2024\/09\/IMG-20240928-WA0012.jpg 1200w, https:\/\/todoapulmon-rafaela.com\/wp-content\/uploads\/2024\/09\/IMG-20240928-WA0012-225x300.jpg 225w, https:\/\/todoapulmon-rafaela.com\/wp-content\/uploads\/2024\/09\/IMG-20240928-WA0012-1125x1500.jpg 1125w, https:\/\/todoapulmon-rafaela.com\/wp-content\/uploads\/2024\/09\/IMG-20240928-WA0012-1152x1536.jpg 1152w\" sizes=\"(max-width: 1200px) 100vw, 1200px\" \/><\/p>\n<p>Asimismo, Germ\u00e1n Chiaraviglio sum\u00f3 en el kil\u00f3metro otra medalla de plata en ciclismo adaptado.<\/p>\n","protected":false},"excerpt":{"rendered":"<p>El s\u00e1bado fue otra exitosa jornada en el Argentino de Pista que se realiza en San Juan para la delegaci\u00f3n<\/p>\n","protected":false},"author":2,"featured_media":51689,"comment_status":"closed","ping_status":"closed","sticky":false,"template":"","format":"standard","meta":{"footnotes":""},"categories":[4,24],"tags":[],"class_list":["post-51668","post","type-post","status-publish","format-standard","has-post-thumbnail","hentry","category-ciclismo","category-noticias-destacadas"],"cc_featured_image_caption":{"caption_text":"","source_text":"","source_url":""},"_links":{"self":[{"href":"https:\/\/todoapulmon-rafaela.com\/index.php\/wp-json\/wp\/v2\/posts\/51668"}],"collection":[{"href":"https:\/\/todoapulmon-rafaela.com\/index.php\/wp-json\/wp\/v2\/posts"}],"about":[{"href":"https:\/\/todoapulmon-rafaela.com\/index.php\/wp-json\/wp\/v2\/types\/post"}],"author":[{"embeddable":true,"href":"https:\/\/todoapulmon-rafaela.com\/index.php\/wp-json\/wp\/v2\/users\/2"}],"replies":[{"embeddable":true,"href":"https:\/\/todoapulmon-rafaela.com\/index.php\/wp-json\/wp\/v2\/comments?post=51668"}],"version-history":[{"count":3,"href":"https:\/\/todoapulmon-rafaela.com\/index.php\/wp-json\/wp\/v2\/posts\/51668\/revisions"}],"predecessor-version":[{"id":51692,"href":"https:\/\/todoapulmon-rafaela.com\/index.php\/wp-json\/wp\/v2\/posts\/51668\/revisions\/51692"}],"wp:featuredmedia":[{"embeddable":true,"href":"https:\/\/todoapulmon-rafaela.com\/index.php\/wp-json\/wp\/v2\/media\/51689"}],"wp:attachment":[{"href":"https:\/\/todoapulmon-rafaela.com\/index.php\/wp-json\/wp\/v2\/media?parent=51668"}],"wp:term":[{"taxonomy":"category","embeddable":true,"href":"https:\/\/todoapulmon-rafaela.com\/index.php\/wp-json\/wp\/v2\/categories?post=51668"},{"taxonomy":"post_tag","embeddable":true,"href":"https:\/\/todoapulmon-rafaela.com\/index.php\/wp-json\/wp\/v2\/tags?post=51668"}],"curies":[{"name":"wp","href":"https:\/\/api.w.org\/{rel}","templated":true}]}}