{"id":51654,"date":"2024-09-28T17:06:18","date_gmt":"2024-09-28T17:06:18","guid":{"rendered":"https:\/\/todoapulmon-rafaela.com\/?p=51654"},"modified":"2024-09-28T17:10:42","modified_gmt":"2024-09-28T17:10:42","slug":"abril-okon-sin-marcas-en-el-sudamericano","status":"publish","type":"post","link":"https:\/\/todoapulmon-rafaela.com\/index.php\/2024\/09\/28\/abril-okon-sin-marcas-en-el-sudamericano\/","title":{"rendered":"Abril Okon, sin marcas en el Sudamericano"},"content":{"rendered":"<p>Este s\u00e1bado por la ma\u00f1ana compiti\u00f3 en el Sudamericano U23 de atletismo en Bucaramanga la atleta rafaelina Abril Okon.<\/p>\n<p>En la prueba de salto en alto hubo cinco competidoras. La deportista formada en CRAS intent\u00f3 superar la varilla en 1m 70, pero lamentablemente no pudo hacerlo en los tres intentos.<\/p>\n<p>El oro fue para la colombiana Mar\u00eda Isabel Arboleda con 1m 88, seguida por la brasilera Mar\u00eda Eduarda Ferreira con 1m78 y tercera su compatriota Arlelly Monteiro con 1m 75.<\/p>\n<p><img loading=\"lazy\" decoding=\"async\" class=\"alignnone size-full wp-image-51655\" src=\"https:\/\/todoapulmon-rafaela.com\/wp-content\/uploads\/2024\/09\/20240928_132918-scaled.jpg\" alt=\"\" width=\"2560\" height=\"1280\" srcset=\"https:\/\/todoapulmon-rafaela.com\/wp-content\/uploads\/2024\/09\/20240928_132918-scaled.jpg 2560w, https:\/\/todoapulmon-rafaela.com\/wp-content\/uploads\/2024\/09\/20240928_132918-300x150.jpg 300w, https:\/\/todoapulmon-rafaela.com\/wp-content\/uploads\/2024\/09\/20240928_132918-1536x768.jpg 1536w, https:\/\/todoapulmon-rafaela.com\/wp-content\/uploads\/2024\/09\/20240928_132918-2048x1024.jpg 2048w\" sizes=\"(max-width: 2560px) 100vw, 2560px\" \/><\/p>\n<p>Argentina obtuvo tres medallas de oro hasta el momento. El viernes Juan Manuel Arri\u00e9guez le dio a su pa\u00eds la primera al ganar el lanzamiento de bala con 17.73 m., delante del local Ronald Grueso con 17.36 y el brasile\u00f1o Vinicius Darolt Avancini con 17.32.<br \/>\nLuego, el bonaerense Tom\u00e1s Olivera se consagr\u00f3 en martillo con 67, 22 metros, delante de su coterr\u00e1neo Lautaro Voulloz con 65,03 m.<br \/>\nYa este s\u00e1bado, Helen Bernard Stilling se consagr\u00f3 en los 400 metros con vallas con un tiempo de 1:00.02, nuevo r\u00e9cord nacional juvenil que la ubica en el noveno lugar en el ranking argentino absoluto de todos los tiempos.<\/p>\n","protected":false},"excerpt":{"rendered":"<p>Este s\u00e1bado por la ma\u00f1ana compiti\u00f3 en el Sudamericano U23 de atletismo en Bucaramanga la atleta rafaelina Abril Okon. En<\/p>\n","protected":false},"author":2,"featured_media":51658,"comment_status":"closed","ping_status":"closed","sticky":false,"template":"","format":"standard","meta":{"footnotes":""},"categories":[7],"tags":[],"class_list":["post-51654","post","type-post","status-publish","format-standard","has-post-thumbnail","hentry","category-atletismo"],"cc_featured_image_caption":{"caption_text":"","source_text":"","source_url":""},"_links":{"self":[{"href":"https:\/\/todoapulmon-rafaela.com\/index.php\/wp-json\/wp\/v2\/posts\/51654"}],"collection":[{"href":"https:\/\/todoapulmon-rafaela.com\/index.php\/wp-json\/wp\/v2\/posts"}],"about":[{"href":"https:\/\/todoapulmon-rafaela.com\/index.php\/wp-json\/wp\/v2\/types\/post"}],"author":[{"embeddable":true,"href":"https:\/\/todoapulmon-rafaela.com\/index.php\/wp-json\/wp\/v2\/users\/2"}],"replies":[{"embeddable":true,"href":"https:\/\/todoapulmon-rafaela.com\/index.php\/wp-json\/wp\/v2\/comments?post=51654"}],"version-history":[{"count":2,"href":"https:\/\/todoapulmon-rafaela.com\/index.php\/wp-json\/wp\/v2\/posts\/51654\/revisions"}],"predecessor-version":[{"id":51660,"href":"https:\/\/todoapulmon-rafaela.com\/index.php\/wp-json\/wp\/v2\/posts\/51654\/revisions\/51660"}],"wp:featuredmedia":[{"embeddable":true,"href":"https:\/\/todoapulmon-rafaela.com\/index.php\/wp-json\/wp\/v2\/media\/51658"}],"wp:attachment":[{"href":"https:\/\/todoapulmon-rafaela.com\/index.php\/wp-json\/wp\/v2\/media?parent=51654"}],"wp:term":[{"taxonomy":"category","embeddable":true,"href":"https:\/\/todoapulmon-rafaela.com\/index.php\/wp-json\/wp\/v2\/categories?post=51654"},{"taxonomy":"post_tag","embeddable":true,"href":"https:\/\/todoapulmon-rafaela.com\/index.php\/wp-json\/wp\/v2\/tags?post=51654"}],"curies":[{"name":"wp","href":"https:\/\/api.w.org\/{rel}","templated":true}]}}