{"id":51603,"date":"2024-09-27T13:25:40","date_gmt":"2024-09-27T13:25:40","guid":{"rendered":"https:\/\/todoapulmon-rafaela.com\/?p=51603"},"modified":"2024-09-27T13:37:02","modified_gmt":"2024-09-27T13:37:02","slug":"lucas-peretti-rumbo-al-mundial-en-francia","status":"publish","type":"post","link":"https:\/\/todoapulmon-rafaela.com\/index.php\/2024\/09\/27\/lucas-peretti-rumbo-al-mundial-en-francia\/","title":{"rendered":"Lucas Peretti rumbo al Mundial en Francia"},"content":{"rendered":"<p>Del 5 al 12 de octubre se desarrollar\u00e1 en Roubaix, Francia, el Campeonato Mundial Master de Ciclismo de Pista donde por segunda vez estar\u00e1 compitiendo Lucas Peretti como uno de los integrantes de la delegaci\u00f3n argentina.<\/p>\n<p>El ciclista rafaelino se mostr\u00f3 entusiasmado con esta nueva participaci\u00f3n internacional al desarrollarse en un sitio tradicional para el este deporte, ya que en Francia, y esta regi\u00f3n en particular, se vive con mucha pasi\u00f3n. Las especialidades en que participar\u00e1 ser\u00e1n la velocidad y los 750 metros.<\/p>\n<p>Estar\u00e1n representados los cinco continentes a trav\u00e9s de 511 corredores, una docena de ellos de Argentina.<\/p>\n<p>\u00abNos vinimos preparando durante todo el a\u00f1o, desde diciembre, sabemos que es una pista linda y r\u00e1pida. La expectativa es seguir sumando experiencia, es el segundo Mundial que corro, el nivel es incre\u00edble, muy profesional y la mayor\u00eda de los corredores de punta se dedican solamente a esto. Es ir tratando a\u00f1o a a\u00f1o de subir el nivel, creo que llegamos un poquito mejor preparados que en el a\u00f1o pasado que fui quinto en Manchester\u00bb, nos mencioni\u00f3 Peretti previo a su partida.<\/p>\n<p><img loading=\"lazy\" decoding=\"async\" class=\"alignnone size-full wp-image-51605\" src=\"https:\/\/todoapulmon-rafaela.com\/wp-content\/uploads\/2024\/09\/Sergio-y-Lucas-Peretti.jpg\" alt=\"\" width=\"1200\" height=\"1600\" srcset=\"https:\/\/todoapulmon-rafaela.com\/wp-content\/uploads\/2024\/09\/Sergio-y-Lucas-Peretti.jpg 1200w, https:\/\/todoapulmon-rafaela.com\/wp-content\/uploads\/2024\/09\/Sergio-y-Lucas-Peretti-225x300.jpg 225w, https:\/\/todoapulmon-rafaela.com\/wp-content\/uploads\/2024\/09\/Sergio-y-Lucas-Peretti-1125x1500.jpg 1125w, https:\/\/todoapulmon-rafaela.com\/wp-content\/uploads\/2024\/09\/Sergio-y-Lucas-Peretti-1152x1536.jpg 1152w\" sizes=\"(max-width: 1200px) 100vw, 1200px\" \/><\/p>\n<p>De todos modos, el velocista aclar\u00f3 que \u00abla realidad es que este a\u00f1o hay muchos participantes y varios fueron campeones del mundo dentro de mi categor\u00eda, y lo hace m\u00e1s profesional a\u00fan. Pero va a estar muy lindo, es un campeonato bastante especial por el lugar donde se hace\u00bb.<\/p>\n<p>Finalmente, expres\u00f3 su agradecimiento \u00aba mi pap\u00e1 (Sergio) que me acompa\u00f1a en esto, a mis entrenadores Diego Vargas y Norber, a los profes Carlitos y EME de Equilibrio Gym; y a mi familia, mi esposa Evelyn y mis tres hijos, que me dan la oportunidad de poder cumplir este sue\u00f1o y dedicarme a lo que me gusta\u00bb.<\/p>\n<p>&nbsp;<\/p>\n","protected":false},"excerpt":{"rendered":"<p>Del 5 al 12 de octubre se desarrollar\u00e1 en Roubaix, Francia, el Campeonato Mundial Master de Ciclismo de Pista donde<\/p>\n","protected":false},"author":2,"featured_media":51604,"comment_status":"closed","ping_status":"closed","sticky":false,"template":"","format":"standard","meta":{"footnotes":""},"categories":[4,24],"tags":[],"class_list":["post-51603","post","type-post","status-publish","format-standard","has-post-thumbnail","hentry","category-ciclismo","category-noticias-destacadas"],"cc_featured_image_caption":{"caption_text":"","source_text":"","source_url":""},"_links":{"self":[{"href":"https:\/\/todoapulmon-rafaela.com\/index.php\/wp-json\/wp\/v2\/posts\/51603"}],"collection":[{"href":"https:\/\/todoapulmon-rafaela.com\/index.php\/wp-json\/wp\/v2\/posts"}],"about":[{"href":"https:\/\/todoapulmon-rafaela.com\/index.php\/wp-json\/wp\/v2\/types\/post"}],"author":[{"embeddable":true,"href":"https:\/\/todoapulmon-rafaela.com\/index.php\/wp-json\/wp\/v2\/users\/2"}],"replies":[{"embeddable":true,"href":"https:\/\/todoapulmon-rafaela.com\/index.php\/wp-json\/wp\/v2\/comments?post=51603"}],"version-history":[{"count":3,"href":"https:\/\/todoapulmon-rafaela.com\/index.php\/wp-json\/wp\/v2\/posts\/51603\/revisions"}],"predecessor-version":[{"id":51608,"href":"https:\/\/todoapulmon-rafaela.com\/index.php\/wp-json\/wp\/v2\/posts\/51603\/revisions\/51608"}],"wp:featuredmedia":[{"embeddable":true,"href":"https:\/\/todoapulmon-rafaela.com\/index.php\/wp-json\/wp\/v2\/media\/51604"}],"wp:attachment":[{"href":"https:\/\/todoapulmon-rafaela.com\/index.php\/wp-json\/wp\/v2\/media?parent=51603"}],"wp:term":[{"taxonomy":"category","embeddable":true,"href":"https:\/\/todoapulmon-rafaela.com\/index.php\/wp-json\/wp\/v2\/categories?post=51603"},{"taxonomy":"post_tag","embeddable":true,"href":"https:\/\/todoapulmon-rafaela.com\/index.php\/wp-json\/wp\/v2\/tags?post=51603"}],"curies":[{"name":"wp","href":"https:\/\/api.w.org\/{rel}","templated":true}]}}