{"id":51548,"date":"2024-09-26T12:44:49","date_gmt":"2024-09-26T12:44:49","guid":{"rendered":"https:\/\/todoapulmon-rafaela.com\/?p=51548"},"modified":"2024-09-26T12:45:57","modified_gmt":"2024-09-26T12:45:57","slug":"se-viene-el-interasociaciones-u15","status":"publish","type":"post","link":"https:\/\/todoapulmon-rafaela.com\/index.php\/2024\/09\/26\/se-viene-el-interasociaciones-u15\/","title":{"rendered":"Se viene el Interasociaciones U15"},"content":{"rendered":"<p>El Torneo Provincial Interasociaciones U15 masculino \u201cCopa Ciudad de El Tr\u00e9bol\u201d se desarrollar\u00e1 este fin de semana. El certamen tendr\u00e1 lugar en las instalaciones de Trebolense como sede principal y de El Expreso como subsede. Tras varios a\u00f1os estar\u00e1n las ocho Asociaciones de la provincia, con el regreso de Rosario.<\/p>\n<p>En la zona A (Trebolense) estar\u00e1n la Rosarina, Venadense, Noroeste Santafesino y Oeste Santafesino.<\/p>\n<p>El grupo B (El Expreso) contar\u00e1 con las asociaciones Rafaelina, Santafesina, Ca\u00f1adense y Reconquista.<\/p>\n<p>El debut para la Rafaelina ser\u00e1 el viernes, a las 20:30, ante la Asc. Reconquistense. Luego, dependiendo del resultado inicial, se conocer\u00e1 la programaci\u00f3n de los pr\u00f3ximos dos partidos del d\u00eda s\u00e1bado.<\/p>\n<p>Ya en jornada del domingo se disputar\u00e1n las semifinales y la gran final para conocer quien se queda con el Interasociativo U15.<\/p>\n<p>Los jugadores que representar\u00e1n a la ARB, designados por el cuerpo t\u00e9cnico a cargo del entrenador Germ\u00e1n Schnidrig, son los siguientes:<\/p>\n<p><strong>Sportivo Ben Hur:<\/strong> Gino Gramaglia, Tom\u00e1s Santi, Francisco Llorens, Bautista Gentinetta.<\/p>\n<p><strong>Libertad de Sunchales<\/strong>: Joaqu\u00edn Osella, Federico Boero, Eric Corroto.<\/p>\n<p><img loading=\"lazy\" decoding=\"async\" class=\"alignnone size-full wp-image-51576\" src=\"https:\/\/todoapulmon-rafaela.com\/wp-content\/uploads\/2024\/09\/20240926_074418-768x432-1.jpg\" alt=\"\" width=\"768\" height=\"432\" srcset=\"https:\/\/todoapulmon-rafaela.com\/wp-content\/uploads\/2024\/09\/20240926_074418-768x432-1.jpg 768w, https:\/\/todoapulmon-rafaela.com\/wp-content\/uploads\/2024\/09\/20240926_074418-768x432-1-300x169.jpg 300w\" sizes=\"(max-width: 768px) 100vw, 768px\" \/><\/p>\n<p><strong>Independiente<\/strong>: Sim\u00f3n Corrado, Bautista Balari.<\/p>\n<p><strong>9 de Julio:<\/strong> Benjam\u00edn Taborda.<\/p>\n<p><strong>Uni\u00f3n de Sunchales<\/strong>: Bautista Arnold.<\/p>\n<p><strong>Racing LTC de San Crist\u00f3bal:<\/strong> Lautaro \u00c1lvarez.<\/p>\n","protected":false},"excerpt":{"rendered":"<p>El Torneo Provincial Interasociaciones U15 masculino \u201cCopa Ciudad de El Tr\u00e9bol\u201d se desarrollar\u00e1 este fin de semana. El certamen tendr\u00e1<\/p>\n","protected":false},"author":2,"featured_media":51575,"comment_status":"closed","ping_status":"closed","sticky":false,"template":"","format":"standard","meta":{"footnotes":""},"categories":[5,24],"tags":[],"class_list":["post-51548","post","type-post","status-publish","format-standard","has-post-thumbnail","hentry","category-basquet","category-noticias-destacadas"],"cc_featured_image_caption":{"caption_text":"Ben Hur tiene cuatro jugadores en el seleccionado (foto Ben Hur oficial).","source_text":"","source_url":""},"_links":{"self":[{"href":"https:\/\/todoapulmon-rafaela.com\/index.php\/wp-json\/wp\/v2\/posts\/51548"}],"collection":[{"href":"https:\/\/todoapulmon-rafaela.com\/index.php\/wp-json\/wp\/v2\/posts"}],"about":[{"href":"https:\/\/todoapulmon-rafaela.com\/index.php\/wp-json\/wp\/v2\/types\/post"}],"author":[{"embeddable":true,"href":"https:\/\/todoapulmon-rafaela.com\/index.php\/wp-json\/wp\/v2\/users\/2"}],"replies":[{"embeddable":true,"href":"https:\/\/todoapulmon-rafaela.com\/index.php\/wp-json\/wp\/v2\/comments?post=51548"}],"version-history":[{"count":3,"href":"https:\/\/todoapulmon-rafaela.com\/index.php\/wp-json\/wp\/v2\/posts\/51548\/revisions"}],"predecessor-version":[{"id":51578,"href":"https:\/\/todoapulmon-rafaela.com\/index.php\/wp-json\/wp\/v2\/posts\/51548\/revisions\/51578"}],"wp:featuredmedia":[{"embeddable":true,"href":"https:\/\/todoapulmon-rafaela.com\/index.php\/wp-json\/wp\/v2\/media\/51575"}],"wp:attachment":[{"href":"https:\/\/todoapulmon-rafaela.com\/index.php\/wp-json\/wp\/v2\/media?parent=51548"}],"wp:term":[{"taxonomy":"category","embeddable":true,"href":"https:\/\/todoapulmon-rafaela.com\/index.php\/wp-json\/wp\/v2\/categories?post=51548"},{"taxonomy":"post_tag","embeddable":true,"href":"https:\/\/todoapulmon-rafaela.com\/index.php\/wp-json\/wp\/v2\/tags?post=51548"}],"curies":[{"name":"wp","href":"https:\/\/api.w.org\/{rel}","templated":true}]}}