{"id":51522,"date":"2024-09-24T22:12:54","date_gmt":"2024-09-24T22:12:54","guid":{"rendered":"https:\/\/todoapulmon-rafaela.com\/?p=51522"},"modified":"2024-09-24T22:12:54","modified_gmt":"2024-09-24T22:12:54","slug":"el-basquet-femenino-de-ben-hur-defiende-su-espacio","status":"publish","type":"post","link":"https:\/\/todoapulmon-rafaela.com\/index.php\/2024\/09\/24\/el-basquet-femenino-de-ben-hur-defiende-su-espacio\/","title":{"rendered":"El b\u00e1squet femenino de Ben Hur defiende su espacio"},"content":{"rendered":"<p>En estos d\u00edas el Club Sportivo Ben Hur anunci\u00f3 que a partir del mes de octubre comenzar\u00e1 con la pr\u00e1ctica de una nueva disciplina. Se trata del voley, actividad que tendr\u00e1 lugar en el Estadio \u201c17 de Junio\u201d y comenzar\u00e1 el mi\u00e9rcoles 2.<\/p>\n<p>En esta etapa inicial, estar\u00e1 destinada a dos segmentos, de 4 a 12 a\u00f1os mixto y de 12 a 18 a\u00f1os femenino. Los entrenamientos ser\u00e1n los d\u00edas lunes y mi\u00e9rcoles de 18hs a 19:30hs.<\/p>\n<p>Si bien es bienvenida la llegada de un nuevo deporte en cualquier instituci\u00f3n, en este caso ha producido un roce con el b\u00e1squet femenino, que naturalmente es una disciplina arraigada -y exitosa- en el Club y que tiene en el propio estadio \u00ab17 de Junio\u00bb su lugar de pr\u00e1ctica y juego de los partidos oficiales.<\/p>\n<p>El motivo central del problema es que a\u00fan Ben Hur no cuenta con una infraestructura especificamente destinada para este nuevo deporte y est\u00e1 previsto iniciarla restando espacio a la pr\u00e1ctica del b\u00e1squet femenino en las categor\u00edas m\u00e1s peque\u00f1as. En esos d\u00edas de entrenamiento mencionados, los dos deportes deber\u00e1n compartir media cancha cada una.<\/p>\n<p>En las \u00faltimas horas, nos hicieron llegar un comunicado elaborado y difundido en conjunto por padres, socios y deportistas de la disciplina, en el cual expresan su disconformismo con la decisi\u00f3n y la negativa de la Comisi\u00f3n Directiva a recibirlos para trasladarle estas inquietudes. Cabe mencionar que el comunicado no es de la Subcomisi\u00f3n de b\u00e1squet femenino.<\/p>\n<p>A priori, se conoce que el Club est\u00e1 construyendo un nuevo espacio detr\u00e1s del Coliseo del Sur donde podr\u00eda tener cabida el voley y alguna otra disciplina, y all\u00ed se solucionar\u00eda el inconveniente, pero no deja de ser una especulaci\u00f3n ya que este medio tambi\u00e9n intent\u00f3 comunicarse con el presidente del Club, Adri\u00e1n Zenklusen, sin \u00e9xito.<\/p>\n<p>A continuaci\u00f3n lo mencionado por los padres, socios y deportistas de b\u00e1squet femenino autoconvocados:<\/p>\n<p><img loading=\"lazy\" decoding=\"async\" class=\"alignnone size-full wp-image-51525\" src=\"https:\/\/todoapulmon-rafaela.com\/wp-content\/uploads\/2024\/09\/IMG_20240924_185424_787.jpg\" alt=\"\" width=\"720\" height=\"1280\" srcset=\"https:\/\/todoapulmon-rafaela.com\/wp-content\/uploads\/2024\/09\/IMG_20240924_185424_787.jpg 720w, https:\/\/todoapulmon-rafaela.com\/wp-content\/uploads\/2024\/09\/IMG_20240924_185424_787-169x300.jpg 169w\" sizes=\"(max-width: 720px) 100vw, 720px\" \/><img loading=\"lazy\" decoding=\"async\" class=\"alignnone size-full wp-image-51526\" src=\"https:\/\/todoapulmon-rafaela.com\/wp-content\/uploads\/2024\/09\/IMG_20240924_185431_459.jpg\" alt=\"\" width=\"720\" height=\"1280\" srcset=\"https:\/\/todoapulmon-rafaela.com\/wp-content\/uploads\/2024\/09\/IMG_20240924_185431_459.jpg 720w, https:\/\/todoapulmon-rafaela.com\/wp-content\/uploads\/2024\/09\/IMG_20240924_185431_459-169x300.jpg 169w\" sizes=\"(max-width: 720px) 100vw, 720px\" \/><img loading=\"lazy\" decoding=\"async\" class=\"alignnone size-full wp-image-51527\" src=\"https:\/\/todoapulmon-rafaela.com\/wp-content\/uploads\/2024\/09\/IMG_20240924_185437_887.jpg\" alt=\"\" width=\"720\" height=\"1280\" srcset=\"https:\/\/todoapulmon-rafaela.com\/wp-content\/uploads\/2024\/09\/IMG_20240924_185437_887.jpg 720w, https:\/\/todoapulmon-rafaela.com\/wp-content\/uploads\/2024\/09\/IMG_20240924_185437_887-169x300.jpg 169w\" sizes=\"(max-width: 720px) 100vw, 720px\" \/><img loading=\"lazy\" decoding=\"async\" class=\"alignnone size-full wp-image-51528\" src=\"https:\/\/todoapulmon-rafaela.com\/wp-content\/uploads\/2024\/09\/IMG_20240924_185442_367.jpg\" alt=\"\" width=\"720\" height=\"1280\" srcset=\"https:\/\/todoapulmon-rafaela.com\/wp-content\/uploads\/2024\/09\/IMG_20240924_185442_367.jpg 720w, https:\/\/todoapulmon-rafaela.com\/wp-content\/uploads\/2024\/09\/IMG_20240924_185442_367-169x300.jpg 169w\" sizes=\"(max-width: 720px) 100vw, 720px\" \/><\/p>\n","protected":false},"excerpt":{"rendered":"<p>En estos d\u00edas el Club Sportivo Ben Hur anunci\u00f3 que a partir del mes de octubre comenzar\u00e1 con la pr\u00e1ctica<\/p>\n","protected":false},"author":2,"featured_media":51022,"comment_status":"closed","ping_status":"closed","sticky":false,"template":"","format":"standard","meta":{"footnotes":""},"categories":[5,24],"tags":[],"class_list":["post-51522","post","type-post","status-publish","format-standard","has-post-thumbnail","hentry","category-basquet","category-noticias-destacadas"],"cc_featured_image_caption":{"caption_text":"","source_text":"","source_url":""},"_links":{"self":[{"href":"https:\/\/todoapulmon-rafaela.com\/index.php\/wp-json\/wp\/v2\/posts\/51522"}],"collection":[{"href":"https:\/\/todoapulmon-rafaela.com\/index.php\/wp-json\/wp\/v2\/posts"}],"about":[{"href":"https:\/\/todoapulmon-rafaela.com\/index.php\/wp-json\/wp\/v2\/types\/post"}],"author":[{"embeddable":true,"href":"https:\/\/todoapulmon-rafaela.com\/index.php\/wp-json\/wp\/v2\/users\/2"}],"replies":[{"embeddable":true,"href":"https:\/\/todoapulmon-rafaela.com\/index.php\/wp-json\/wp\/v2\/comments?post=51522"}],"version-history":[{"count":3,"href":"https:\/\/todoapulmon-rafaela.com\/index.php\/wp-json\/wp\/v2\/posts\/51522\/revisions"}],"predecessor-version":[{"id":51529,"href":"https:\/\/todoapulmon-rafaela.com\/index.php\/wp-json\/wp\/v2\/posts\/51522\/revisions\/51529"}],"wp:featuredmedia":[{"embeddable":true,"href":"https:\/\/todoapulmon-rafaela.com\/index.php\/wp-json\/wp\/v2\/media\/51022"}],"wp:attachment":[{"href":"https:\/\/todoapulmon-rafaela.com\/index.php\/wp-json\/wp\/v2\/media?parent=51522"}],"wp:term":[{"taxonomy":"category","embeddable":true,"href":"https:\/\/todoapulmon-rafaela.com\/index.php\/wp-json\/wp\/v2\/categories?post=51522"},{"taxonomy":"post_tag","embeddable":true,"href":"https:\/\/todoapulmon-rafaela.com\/index.php\/wp-json\/wp\/v2\/tags?post=51522"}],"curies":[{"name":"wp","href":"https:\/\/api.w.org\/{rel}","templated":true}]}}