{"id":51469,"date":"2024-09-23T11:34:31","date_gmt":"2024-09-23T11:34:31","guid":{"rendered":"https:\/\/todoapulmon-rafaela.com\/?p=51469"},"modified":"2024-09-23T11:40:30","modified_gmt":"2024-09-23T11:40:30","slug":"varios-bikers-rafaelinos-destacados-en-seeber","status":"publish","type":"post","link":"https:\/\/todoapulmon-rafaela.com\/index.php\/2024\/09\/23\/varios-bikers-rafaelinos-destacados-en-seeber\/","title":{"rendered":"Varios bikers rafaelinos destacados en Seeber"},"content":{"rendered":"<p>El domingo se disput\u00f3 la s\u00e9ptima fecha del Provincial de Rural Bike cordob\u00e9s en Seeber, con la presencia de varios bikers rafaelinos que se impusieron en diferentes categor\u00edas.<\/p>\n<p>La general de varones fue para Juan Cerutti (Freyre) con 1h 48m 40s, en tanto que Cristian Inwinkelried se impuso en la General Master C con 1h 22m 30s. En la clasificaci\u00f3n general de damas se impuso Valeria Huanco (Correa) con 1h 38m 24s.<\/p>\n<p>Estos fueron los principales resultados de los bikers de nuestra ciudad:<\/p>\n<p><strong>Damas B:<\/strong> 3) Sonia Ulrich, 4) Marina Rossi.<\/p>\n<p><strong>Master A1:<\/strong> 1) Antonio Sabellotti.<\/p>\n<p><strong>Master A2:<\/strong> 1) Nicol\u00e1s G\u00f3mez.<\/p>\n<p><img loading=\"lazy\" decoding=\"async\" class=\"alignnone size-full wp-image-51471\" src=\"https:\/\/todoapulmon-rafaela.com\/wp-content\/uploads\/2024\/09\/Ansenuza-Gomez.jpg\" alt=\"\" width=\"2048\" height=\"1370\" srcset=\"https:\/\/todoapulmon-rafaela.com\/wp-content\/uploads\/2024\/09\/Ansenuza-Gomez.jpg 2048w, https:\/\/todoapulmon-rafaela.com\/wp-content\/uploads\/2024\/09\/Ansenuza-Gomez-300x201.jpg 300w, https:\/\/todoapulmon-rafaela.com\/wp-content\/uploads\/2024\/09\/Ansenuza-Gomez-1536x1028.jpg 1536w\" sizes=\"(max-width: 2048px) 100vw, 2048px\" \/><\/p>\n<p><strong>Master B1:<\/strong> 5) Franco Angeloni, 6) Ra\u00fal Boretto&#8230; 8) Esteban P\u00e9rez.<\/p>\n<p><strong>Master B2:<\/strong> 1) C\u00e9sar Peralta&#8230;6) Walter Ernst.<\/p>\n<p><strong>Master C1:<\/strong> 1) Cristian Inwinkelried.<\/p>\n<p><strong>Master C2:<\/strong> 1) Gabriel Schmidt.<\/p>\n<p><strong>Master D1:<\/strong> 1) Dar\u00edo Sedlacek.<\/p>\n","protected":false},"excerpt":{"rendered":"<p>El domingo se disput\u00f3 la s\u00e9ptima fecha del Provincial de Rural Bike cordob\u00e9s en Seeber, con la presencia de varios<\/p>\n","protected":false},"author":2,"featured_media":51470,"comment_status":"closed","ping_status":"closed","sticky":false,"template":"","format":"standard","meta":{"footnotes":""},"categories":[4,24],"tags":[],"class_list":["post-51469","post","type-post","status-publish","format-standard","has-post-thumbnail","hentry","category-ciclismo","category-noticias-destacadas"],"cc_featured_image_caption":{"caption_text":"Cristian Inwinkelried se impuso en C1 (FOTO FACEBOOK JAVIER GALFRE).","source_text":"","source_url":""},"_links":{"self":[{"href":"https:\/\/todoapulmon-rafaela.com\/index.php\/wp-json\/wp\/v2\/posts\/51469"}],"collection":[{"href":"https:\/\/todoapulmon-rafaela.com\/index.php\/wp-json\/wp\/v2\/posts"}],"about":[{"href":"https:\/\/todoapulmon-rafaela.com\/index.php\/wp-json\/wp\/v2\/types\/post"}],"author":[{"embeddable":true,"href":"https:\/\/todoapulmon-rafaela.com\/index.php\/wp-json\/wp\/v2\/users\/2"}],"replies":[{"embeddable":true,"href":"https:\/\/todoapulmon-rafaela.com\/index.php\/wp-json\/wp\/v2\/comments?post=51469"}],"version-history":[{"count":3,"href":"https:\/\/todoapulmon-rafaela.com\/index.php\/wp-json\/wp\/v2\/posts\/51469\/revisions"}],"predecessor-version":[{"id":51477,"href":"https:\/\/todoapulmon-rafaela.com\/index.php\/wp-json\/wp\/v2\/posts\/51469\/revisions\/51477"}],"wp:featuredmedia":[{"embeddable":true,"href":"https:\/\/todoapulmon-rafaela.com\/index.php\/wp-json\/wp\/v2\/media\/51470"}],"wp:attachment":[{"href":"https:\/\/todoapulmon-rafaela.com\/index.php\/wp-json\/wp\/v2\/media?parent=51469"}],"wp:term":[{"taxonomy":"category","embeddable":true,"href":"https:\/\/todoapulmon-rafaela.com\/index.php\/wp-json\/wp\/v2\/categories?post=51469"},{"taxonomy":"post_tag","embeddable":true,"href":"https:\/\/todoapulmon-rafaela.com\/index.php\/wp-json\/wp\/v2\/tags?post=51469"}],"curies":[{"name":"wp","href":"https:\/\/api.w.org\/{rel}","templated":true}]}}