{"id":51384,"date":"2024-09-19T19:00:00","date_gmt":"2024-09-19T19:00:00","guid":{"rendered":"https:\/\/todoapulmon-rafaela.com\/?p=51384"},"modified":"2024-09-19T19:00:00","modified_gmt":"2024-09-19T19:00:00","slug":"la-rafaelina-tiene-rivales-para-el-provincial-u15","status":"publish","type":"post","link":"https:\/\/todoapulmon-rafaela.com\/index.php\/2024\/09\/19\/la-rafaelina-tiene-rivales-para-el-provincial-u15\/","title":{"rendered":"La Rafaelina tiene rivales para el Provincial U15"},"content":{"rendered":"<p>Los d\u00edas 27, 28 y 29 de septiembre se desarrollar\u00e1 el Campeonato Provincial U15 masculino, el cual fue presentado esta semana en El Tr\u00e9bol.<br \/>\nParticipar\u00e1n las ocho asociaciones que componen la Federaci\u00f3n de B\u00e1squet de Santa Fe, con lo cual se producir\u00e1 la vuelta de Rosario a estos torneos, dividi\u00e9ndose en dos zonas de cuatro equipos.<br \/>\n<strong>Zona A:<\/strong> Asociaci\u00f3n Rosarina, Asociaci\u00f3n Venadense, Asociaci\u00f3n del Oeste Santafesino y Asociaci\u00f3n del Noroeste Santafesino. Jugar\u00e1n en el gimnasio \u201cEdgar Degano\u201d de Trebolense.<br \/>\n<strong>Zona B:<\/strong> Asociaci\u00f3n Santafesina, Asociaci\u00f3n Ca\u00f1adense, Asociaci\u00f3n Reconquistense y Asociaci\u00f3n Rafaelina. Se enfrentar\u00e1n en el \u201cGimnasio del Verde\u201d del Club El Expreso.<\/p>\n<p>El seleccionado de la ARB debutar\u00e1 el viernes 27 a las 20.30 frente a Reconquista.<\/p>\n<p><strong>EL EQUIPO SE DEFINIRA EL FIN DE SEMANA<\/strong><\/p>\n<p>El domingo, en el gimnasio Carlos Colucci de Independiente, se realizar\u00e1 el \u00faltimo entrenamiento para la preselecci\u00f3n U15. La misma estar\u00e1 a cargo del entrenador Germ\u00e1n Schnidrig y su equipo de trabajo. Quedan 15 jugadores convocados y tras la pr\u00e1ctica se producir\u00e1n los \u00faltimos cortes para determinar los 12 integrantes.<br \/>\nLa n\u00f3mina de citados:<br \/>\n<strong>Sportivo Ben Hur:<\/strong> Gino Gramaglia, Tom\u00e1s Santi, Francisco Llorens, Bautista Gentinetta.<br \/>\n<strong>Libertad de Sunchales:<\/strong> Joaqu\u00edn Osella, Federico Boero, Eric Corroto, Alejo Villarreal.<br \/>\n<strong>Independiente:<\/strong> Sim\u00f3n Corrado, Bautista Balari, Juan Mayo.<br \/>\n<strong>9 de Julio:<\/strong> Benjam\u00edn Taborda, Santiago Fern\u00e1ndez.<br \/>\n<strong>Uni\u00f3n de Sunchales:<\/strong> Bautista Arnold<br \/>\n<strong>Racing LTC de San Crist\u00f3bal:<\/strong> Lautaro \u00c1lvarez.<\/p>\n","protected":false},"excerpt":{"rendered":"<p>Los d\u00edas 27, 28 y 29 de septiembre se desarrollar\u00e1 el Campeonato Provincial U15 masculino, el cual fue presentado esta<\/p>\n","protected":false},"author":2,"featured_media":51385,"comment_status":"closed","ping_status":"closed","sticky":false,"template":"","format":"standard","meta":{"footnotes":""},"categories":[5,24],"tags":[],"class_list":["post-51384","post","type-post","status-publish","format-standard","has-post-thumbnail","hentry","category-basquet","category-noticias-destacadas"],"cc_featured_image_caption":{"caption_text":"La presentaci\u00f3n del torneo (foto Oeste Santafesino).","source_text":"","source_url":""},"_links":{"self":[{"href":"https:\/\/todoapulmon-rafaela.com\/index.php\/wp-json\/wp\/v2\/posts\/51384"}],"collection":[{"href":"https:\/\/todoapulmon-rafaela.com\/index.php\/wp-json\/wp\/v2\/posts"}],"about":[{"href":"https:\/\/todoapulmon-rafaela.com\/index.php\/wp-json\/wp\/v2\/types\/post"}],"author":[{"embeddable":true,"href":"https:\/\/todoapulmon-rafaela.com\/index.php\/wp-json\/wp\/v2\/users\/2"}],"replies":[{"embeddable":true,"href":"https:\/\/todoapulmon-rafaela.com\/index.php\/wp-json\/wp\/v2\/comments?post=51384"}],"version-history":[{"count":1,"href":"https:\/\/todoapulmon-rafaela.com\/index.php\/wp-json\/wp\/v2\/posts\/51384\/revisions"}],"predecessor-version":[{"id":51386,"href":"https:\/\/todoapulmon-rafaela.com\/index.php\/wp-json\/wp\/v2\/posts\/51384\/revisions\/51386"}],"wp:featuredmedia":[{"embeddable":true,"href":"https:\/\/todoapulmon-rafaela.com\/index.php\/wp-json\/wp\/v2\/media\/51385"}],"wp:attachment":[{"href":"https:\/\/todoapulmon-rafaela.com\/index.php\/wp-json\/wp\/v2\/media?parent=51384"}],"wp:term":[{"taxonomy":"category","embeddable":true,"href":"https:\/\/todoapulmon-rafaela.com\/index.php\/wp-json\/wp\/v2\/categories?post=51384"},{"taxonomy":"post_tag","embeddable":true,"href":"https:\/\/todoapulmon-rafaela.com\/index.php\/wp-json\/wp\/v2\/tags?post=51384"}],"curies":[{"name":"wp","href":"https:\/\/api.w.org\/{rel}","templated":true}]}}