{"id":51370,"date":"2024-09-18T21:08:18","date_gmt":"2024-09-18T21:08:18","guid":{"rendered":"https:\/\/todoapulmon-rafaela.com\/?p=51370"},"modified":"2024-09-18T21:08:18","modified_gmt":"2024-09-18T21:08:18","slug":"se-viene-el-maraton-de-buenos-aires","status":"publish","type":"post","link":"https:\/\/todoapulmon-rafaela.com\/index.php\/2024\/09\/18\/se-viene-el-maraton-de-buenos-aires\/","title":{"rendered":"Se viene el Marat\u00f3n de Buenos Aires"},"content":{"rendered":"<p>El\u00a0<b>Marat\u00f3n de Buenos Aires<\/b> se llevar\u00e1 adelante este domingo 22 de septiembre celebrando sus 40 a\u00f1os con una cifra r\u00e9cord: casi 15 mil runners correr\u00e1n por la ciudad.<\/p>\n<p class=\"paragraph\">El evento, uno de los m\u00e1s importantes a nivel mundial gracias a su circuito r\u00e1pido y llano como la prestaci\u00f3n de servicios a lo largo del recorrido, tendr\u00e1 m\u00e1s de 14.500 corredores, los que <b>agotaron los cupos.<\/b><\/p>\n<p class=\"paragraph\">Para este a\u00f1o, ser\u00e1 Campeonato Sudamericano, convocando a los mejores atletas de la regi\u00f3n, con el inicio con la modalidad por olas o tandas <b>desde las 7, en Avenida Figueroa Alcorta y Dorrego de CABA,<\/b>\u00a0con la organizaci\u00f3n de la\u00a0<b>Asociaci\u00f3n \u00d1and\u00fa.<\/b><\/p>\n<p><strong>EL EQUIPO ARGENTINO<\/strong><\/p>\n<p>La Confederaci\u00f3n Argentina de Atletismo design\u00f3 los cuatro atletas que integrar\u00e1n la Selecci\u00f3n Nacional en el Campeonato Sudamericano:<br \/>\n*\u00a0\u00a0<strong>Ignacio Francisco Erario<\/strong>. El atleta mendocino viene de una brillante actuaci\u00f3n en el<strong>\u00a021k de Buenos Aires donde, con su 7\u00b0 puesto, fue el mejor entre los no-africanos y marc\u00f3 1h01m11s<\/strong>, segundo registro hist\u00f3rico para la Argentina (detr\u00e1s del r\u00e9cord de Antonio Silio) y el mejor en suelo nacional.<br \/>\n<strong>* Pedro Luis G\u00f3mez<\/strong>. Tucumano, radicado en C\u00f3rdoba, naci\u00f3 el 8 de junio de 1987 y se posicion\u00f3 en los \u00faltimos a\u00f1os como uno de los mejores maratonistas del pa\u00eds. En 2023 obtuvo el tercer puesto del\u00a0<strong>Marat\u00f3n CAF en Caracas<\/strong>\u00a0y la nominaci\u00f3n para los\u00a0<strong>Juegos Panamericanos en Chile<\/strong>. El 18 de febrero de este a\u00f1o consigui\u00f3 su mejor marca personal en\u00a0<strong>Sevilla con 2h10m39s<\/strong>, quedando as\u00ed como el cuarto del ranking permanente argentino.<br \/>\n*\u00a0<strong>Marcela Cristina G\u00f3mez<\/strong>. Naci\u00f3 el 19 de febrero de 1984, viene de Chaco y reside desde hace varios a\u00f1os en el estado de Paran\u00e1, Brasil.<br \/>\nEn 2019 fue subcampeona sudamericana con\u00a0<strong>2h34m52s\u00a0<\/strong>en el marco del\u00a0<strong>Marat\u00f3n de Buenos Aires<\/strong>.<br \/>\nY meses m\u00e1s tarde,\u00a0<strong>el 23 de febrero de 2020 en Sevilla<\/strong>, se convirti\u00f3 en la primera argentina en correr el marat\u00f3n por debajo de 2h30m, batiendo el r\u00e9cord nacional que<strong>\u00a0Griselda Gonz\u00e1lez<\/strong>\u00a0hab\u00eda fijado m\u00e1s de dos d\u00e9cadas antes.<br \/>\nAll\u00ed consigui\u00f3 su marca personal de<strong>\u00a02h28m58s\u00a0<\/strong>y obtuvo la clasificaci\u00f3n para los Juegos Ol\u00edmpicos, en los que compiti\u00f3 en 2021 en\u00a0<strong>Sapporo<\/strong>.<br \/>\nAhora viene de obtener el subcampeonato nacional de medio marat\u00f3n en el\u00a0<strong>21k Buenos Aires<\/strong>.<br \/>\n<strong>* Chiara Milena Mainetti<\/strong>. Oriunda de Misiones \u2013naci\u00f3 el 8 de junio de 1988- y residente en Buenos Aires, Chiara es una \u201cpolifuncional\u201d de las carreras ya que se destaca en pista (all\u00ed se incluye su marca sudamericana de la hora\/20 km), en calle\/ruta, en cross country y tambi\u00e9n en pruebas de monta\u00f1a, donde fue la argentina m\u00e1s destacada en los mundiales. Hab\u00eda debutado como<strong>\u00a0maratonista en Londres 2022<\/strong>\u00a0(2h40m23s) y en febrero pasado, en\u00a0<strong>Sevilla<\/strong>, progres\u00f3 hasta 2h33m26s, marca que la ubica quinta en el historial argentino.<\/p>\n","protected":false},"excerpt":{"rendered":"<p>El\u00a0Marat\u00f3n de Buenos Aires se llevar\u00e1 adelante este domingo 22 de septiembre celebrando sus 40 a\u00f1os con una cifra r\u00e9cord:<\/p>\n","protected":false},"author":2,"featured_media":51371,"comment_status":"closed","ping_status":"closed","sticky":false,"template":"","format":"standard","meta":{"footnotes":""},"categories":[7,24],"tags":[],"class_list":["post-51370","post","type-post","status-publish","format-standard","has-post-thumbnail","hentry","category-atletismo","category-noticias-destacadas"],"cc_featured_image_caption":{"caption_text":"","source_text":"","source_url":""},"_links":{"self":[{"href":"https:\/\/todoapulmon-rafaela.com\/index.php\/wp-json\/wp\/v2\/posts\/51370"}],"collection":[{"href":"https:\/\/todoapulmon-rafaela.com\/index.php\/wp-json\/wp\/v2\/posts"}],"about":[{"href":"https:\/\/todoapulmon-rafaela.com\/index.php\/wp-json\/wp\/v2\/types\/post"}],"author":[{"embeddable":true,"href":"https:\/\/todoapulmon-rafaela.com\/index.php\/wp-json\/wp\/v2\/users\/2"}],"replies":[{"embeddable":true,"href":"https:\/\/todoapulmon-rafaela.com\/index.php\/wp-json\/wp\/v2\/comments?post=51370"}],"version-history":[{"count":1,"href":"https:\/\/todoapulmon-rafaela.com\/index.php\/wp-json\/wp\/v2\/posts\/51370\/revisions"}],"predecessor-version":[{"id":51372,"href":"https:\/\/todoapulmon-rafaela.com\/index.php\/wp-json\/wp\/v2\/posts\/51370\/revisions\/51372"}],"wp:featuredmedia":[{"embeddable":true,"href":"https:\/\/todoapulmon-rafaela.com\/index.php\/wp-json\/wp\/v2\/media\/51371"}],"wp:attachment":[{"href":"https:\/\/todoapulmon-rafaela.com\/index.php\/wp-json\/wp\/v2\/media?parent=51370"}],"wp:term":[{"taxonomy":"category","embeddable":true,"href":"https:\/\/todoapulmon-rafaela.com\/index.php\/wp-json\/wp\/v2\/categories?post=51370"},{"taxonomy":"post_tag","embeddable":true,"href":"https:\/\/todoapulmon-rafaela.com\/index.php\/wp-json\/wp\/v2\/tags?post=51370"}],"curies":[{"name":"wp","href":"https:\/\/api.w.org\/{rel}","templated":true}]}}