{"id":51358,"date":"2024-09-17T22:31:48","date_gmt":"2024-09-17T22:31:48","guid":{"rendered":"https:\/\/todoapulmon-rafaela.com\/?p=51358"},"modified":"2024-09-17T22:32:33","modified_gmt":"2024-09-17T22:32:33","slug":"milena-margaria-viaja-a-chile-con-el-seleccionado-u21-para-el-sudamericano","status":"publish","type":"post","link":"https:\/\/todoapulmon-rafaela.com\/index.php\/2024\/09\/17\/milena-margaria-viaja-a-chile-con-el-seleccionado-u21-para-el-sudamericano\/","title":{"rendered":"Milena Margar\u00eda viaja a Chile con el seleccionado U21 para el Sudamericano"},"content":{"rendered":"<p>Como aconteciera en las anteriores selecciones de base femeninas, Milena Margar\u00eda volver\u00e1 a representar a nuestro pa\u00eds en competencias internacionales. La jugadora surgida en Uni\u00f3n de Sunchales y los torneos de la Asociaci\u00f3n Rafaelina de Voley, que actualmente milita en River, estar\u00e1 ahora con el seleccionado U21.<\/p>\n<p>Las Panteritas arrancaron la \u00faltima etapa de entrenamientos en Buenos Aires de cara al Sudamericano de dicha categor\u00eda que se disputar\u00e1 en Osorno, Chile, de 25 al 29 de septiembre pr\u00f3ximo. Esta competencia otorga tres plazas para el Mundial de la categor\u00eda 2025.<\/p>\n<p><img loading=\"lazy\" decoding=\"async\" class=\"alignnone size-full wp-image-42776\" src=\"https:\/\/todoapulmon-rafaela.com\/wp-content\/uploads\/2023\/09\/Milena-Sub21.jpg\" alt=\"\" width=\"1200\" height=\"900\" srcset=\"https:\/\/todoapulmon-rafaela.com\/wp-content\/uploads\/2023\/09\/Milena-Sub21.jpg 1200w, https:\/\/todoapulmon-rafaela.com\/wp-content\/uploads\/2023\/09\/Milena-Sub21-300x225.jpg 300w\" sizes=\"(max-width: 1200px) 100vw, 1200px\" \/><\/p>\n<p>Argentina viajar\u00e1 rumbo a Chile en la madrugada de este jueves ya que en la previa del Sudamericano disputar\u00e1 dos amistosos ante la Selecci\u00f3n local.<\/p>\n<p>Luego se trasladar\u00e1 a Osorno de cara al inicio del torneo.<\/p>\n<p><strong>Lista Selecci\u00f3n U21 \u2013 Sudamericano 2024<br \/>\n<\/strong><br \/>\nMelany Detzel<br \/>\nMorena Chiappero<br \/>\nMacarena Lobaglio<br \/>\nMartina Bednarek<br \/>\nMartina Da Dalt<br \/>\n<strong>Milena Margar\u00eda<\/strong><br \/>\nFelicitas Barbero<br \/>\nPaloma Routaboul<br \/>\nValentina Moya<br \/>\nZoe Studer<br \/>\nMicaela Cabrera<br \/>\nLourdes Tamis<br \/>\nAnita Maestu<br \/>\nValentina De La Fuente<\/p>\n<p><strong>Staff<\/strong><br \/>\nMart\u00edn Ambrosini<br \/>\nMauro Boasso<br \/>\nJulieta Villafa\u00f1e<br \/>\nLuc\u00eda Liceri<br \/>\nVictor R\u00edos.<\/p>\n<p>Con informaci\u00f3n de FEVA.<\/p>\n","protected":false},"excerpt":{"rendered":"<p>Como aconteciera en las anteriores selecciones de base femeninas, Milena Margar\u00eda volver\u00e1 a representar a nuestro pa\u00eds en competencias internacionales.<\/p>\n","protected":false},"author":2,"featured_media":51359,"comment_status":"closed","ping_status":"closed","sticky":false,"template":"","format":"standard","meta":{"footnotes":""},"categories":[16],"tags":[],"class_list":["post-51358","post","type-post","status-publish","format-standard","has-post-thumbnail","hentry","category-voley"],"cc_featured_image_caption":{"caption_text":"","source_text":"","source_url":""},"_links":{"self":[{"href":"https:\/\/todoapulmon-rafaela.com\/index.php\/wp-json\/wp\/v2\/posts\/51358"}],"collection":[{"href":"https:\/\/todoapulmon-rafaela.com\/index.php\/wp-json\/wp\/v2\/posts"}],"about":[{"href":"https:\/\/todoapulmon-rafaela.com\/index.php\/wp-json\/wp\/v2\/types\/post"}],"author":[{"embeddable":true,"href":"https:\/\/todoapulmon-rafaela.com\/index.php\/wp-json\/wp\/v2\/users\/2"}],"replies":[{"embeddable":true,"href":"https:\/\/todoapulmon-rafaela.com\/index.php\/wp-json\/wp\/v2\/comments?post=51358"}],"version-history":[{"count":2,"href":"https:\/\/todoapulmon-rafaela.com\/index.php\/wp-json\/wp\/v2\/posts\/51358\/revisions"}],"predecessor-version":[{"id":51361,"href":"https:\/\/todoapulmon-rafaela.com\/index.php\/wp-json\/wp\/v2\/posts\/51358\/revisions\/51361"}],"wp:featuredmedia":[{"embeddable":true,"href":"https:\/\/todoapulmon-rafaela.com\/index.php\/wp-json\/wp\/v2\/media\/51359"}],"wp:attachment":[{"href":"https:\/\/todoapulmon-rafaela.com\/index.php\/wp-json\/wp\/v2\/media?parent=51358"}],"wp:term":[{"taxonomy":"category","embeddable":true,"href":"https:\/\/todoapulmon-rafaela.com\/index.php\/wp-json\/wp\/v2\/categories?post=51358"},{"taxonomy":"post_tag","embeddable":true,"href":"https:\/\/todoapulmon-rafaela.com\/index.php\/wp-json\/wp\/v2\/tags?post=51358"}],"curies":[{"name":"wp","href":"https:\/\/api.w.org\/{rel}","templated":true}]}}