{"id":51356,"date":"2024-09-18T11:24:59","date_gmt":"2024-09-18T11:24:59","guid":{"rendered":"https:\/\/todoapulmon-rafaela.com\/?p=51356"},"modified":"2024-09-18T11:24:59","modified_gmt":"2024-09-18T11:24:59","slug":"positivo-provincial-u18-para-atletas-de-cras","status":"publish","type":"post","link":"https:\/\/todoapulmon-rafaela.com\/index.php\/2024\/09\/18\/positivo-provincial-u18-para-atletas-de-cras\/","title":{"rendered":"Positivo Provincial U18 para atletas de CRAS"},"content":{"rendered":"<p>El s\u00e1bado se realiz\u00f3 en la pista del Club Uni\u00f3n de San Guillermo el torneo Provincial de Atletismo U18, evaluativo para el Nacional previsto en Concepci\u00f3n del Uruguay los d\u00edas 28 y 29 de septiembre. Participaron 62 atletas varones y 52 mujeres de las distintas Asociaciones del territorio santafesino.<\/p>\n<p>Los representantes de CRAS de nuestra ciudad (ADACA) tuvieron buenas performances, siendo estos los resultados m\u00e1s trascendentes:<\/p>\n<p>Del grupo del entrenador <strong>Leandro Bonamino<\/strong>:<\/p>\n<p><strong>Ramiro Conil:<\/strong> primero en lanzamiento del disco con 35m 14; primero en lanzamiento de martillo con 47m 63 y cuarto en lanzamiento de jabalina.<\/p>\n<p><strong>Valentina Okon:<\/strong> primera en salto en largo con 4m 84,; tercera en 100 metros llanos.<\/p>\n<p><strong>Antonella Toledo:<\/strong> primera en 100 metros con vallas con 17s 92.<\/p>\n<p>Tambi\u00e9n particip\u00f3 <strong>Tom\u00e1s Rodriguez<\/strong> con meritoria performance.<\/p>\n<p>Del grupo de los entrenadores <strong>Ariel Magallanes<\/strong> y <strong>Roc\u00edo Donnet<\/strong>:<\/p>\n<p><strong>Sof\u00eda Fregona:<\/strong> primera en 800 metros llanos con 2m 40s 71; primera en 1.500 metros llanos con 5m 35s 06.<\/p>\n<p><strong>Mar\u00eda Constanza Leonardi:<\/strong> primera en 2.000 metros con obst\u00e1culos en 9m 02s 93.<\/p>\n<p><strong>Magal\u00ed Allassia:<\/strong> primera en marcha sobre 3.000 metros con 15m 13s 23.<\/p>\n<p><img loading=\"lazy\" decoding=\"async\" class=\"alignnone size-full wp-image-51365\" src=\"https:\/\/todoapulmon-rafaela.com\/wp-content\/uploads\/2024\/09\/IMG-20240917-WA0037.jpg\" alt=\"\" width=\"1280\" height=\"1600\" srcset=\"https:\/\/todoapulmon-rafaela.com\/wp-content\/uploads\/2024\/09\/IMG-20240917-WA0037.jpg 1280w, https:\/\/todoapulmon-rafaela.com\/wp-content\/uploads\/2024\/09\/IMG-20240917-WA0037-240x300.jpg 240w, https:\/\/todoapulmon-rafaela.com\/wp-content\/uploads\/2024\/09\/IMG-20240917-WA0037-1200x1500.jpg 1200w, https:\/\/todoapulmon-rafaela.com\/wp-content\/uploads\/2024\/09\/IMG-20240917-WA0037-1229x1536.jpg 1229w\" sizes=\"(max-width: 1280px) 100vw, 1280px\" \/><\/p>\n<p><strong>Leonela L\u00f3pez:<\/strong> segunda en marcha sobre 3.000 metros con 15m 55s 69.<\/p>\n<p><strong>GRAND PRIX<\/strong><\/p>\n<p>Tambi\u00e9n se realiz\u00f3 de manera conjunta una fecha de los Grand Prix Santafesinos con pruebas para las distintas categor\u00edas, donde CRAS tambi\u00e9n present\u00f3 un buen n\u00famero de representantes con meritorias performances.<\/p>\n<p><img loading=\"lazy\" decoding=\"async\" class=\"alignnone size-full wp-image-51368\" src=\"https:\/\/todoapulmon-rafaela.com\/wp-content\/uploads\/2024\/09\/IMG-20240917-WA0029.jpg\" alt=\"\" width=\"1204\" height=\"1600\" srcset=\"https:\/\/todoapulmon-rafaela.com\/wp-content\/uploads\/2024\/09\/IMG-20240917-WA0029.jpg 1204w, https:\/\/todoapulmon-rafaela.com\/wp-content\/uploads\/2024\/09\/IMG-20240917-WA0029-226x300.jpg 226w, https:\/\/todoapulmon-rafaela.com\/wp-content\/uploads\/2024\/09\/IMG-20240917-WA0029-1129x1500.jpg 1129w, https:\/\/todoapulmon-rafaela.com\/wp-content\/uploads\/2024\/09\/IMG-20240917-WA0029-1156x1536.jpg 1156w\" sizes=\"(max-width: 1204px) 100vw, 1204px\" \/><img loading=\"lazy\" decoding=\"async\" class=\"alignnone size-full wp-image-51367\" src=\"https:\/\/todoapulmon-rafaela.com\/wp-content\/uploads\/2024\/09\/IMG-20240917-WA0030.jpg\" alt=\"\" width=\"1200\" height=\"1600\" srcset=\"https:\/\/todoapulmon-rafaela.com\/wp-content\/uploads\/2024\/09\/IMG-20240917-WA0030.jpg 1200w, https:\/\/todoapulmon-rafaela.com\/wp-content\/uploads\/2024\/09\/IMG-20240917-WA0030-225x300.jpg 225w, https:\/\/todoapulmon-rafaela.com\/wp-content\/uploads\/2024\/09\/IMG-20240917-WA0030-1125x1500.jpg 1125w, https:\/\/todoapulmon-rafaela.com\/wp-content\/uploads\/2024\/09\/IMG-20240917-WA0030-1152x1536.jpg 1152w\" sizes=\"(max-width: 1200px) 100vw, 1200px\" \/><\/p>\n","protected":false},"excerpt":{"rendered":"<p>El s\u00e1bado se realiz\u00f3 en la pista del Club Uni\u00f3n de San Guillermo el torneo Provincial de Atletismo U18, evaluativo<\/p>\n","protected":false},"author":2,"featured_media":51364,"comment_status":"closed","ping_status":"closed","sticky":false,"template":"","format":"standard","meta":{"footnotes":""},"categories":[7,24],"tags":[],"class_list":["post-51356","post","type-post","status-publish","format-standard","has-post-thumbnail","hentry","category-atletismo","category-noticias-destacadas"],"cc_featured_image_caption":{"caption_text":"","source_text":"","source_url":""},"_links":{"self":[{"href":"https:\/\/todoapulmon-rafaela.com\/index.php\/wp-json\/wp\/v2\/posts\/51356"}],"collection":[{"href":"https:\/\/todoapulmon-rafaela.com\/index.php\/wp-json\/wp\/v2\/posts"}],"about":[{"href":"https:\/\/todoapulmon-rafaela.com\/index.php\/wp-json\/wp\/v2\/types\/post"}],"author":[{"embeddable":true,"href":"https:\/\/todoapulmon-rafaela.com\/index.php\/wp-json\/wp\/v2\/users\/2"}],"replies":[{"embeddable":true,"href":"https:\/\/todoapulmon-rafaela.com\/index.php\/wp-json\/wp\/v2\/comments?post=51356"}],"version-history":[{"count":3,"href":"https:\/\/todoapulmon-rafaela.com\/index.php\/wp-json\/wp\/v2\/posts\/51356\/revisions"}],"predecessor-version":[{"id":51369,"href":"https:\/\/todoapulmon-rafaela.com\/index.php\/wp-json\/wp\/v2\/posts\/51356\/revisions\/51369"}],"wp:featuredmedia":[{"embeddable":true,"href":"https:\/\/todoapulmon-rafaela.com\/index.php\/wp-json\/wp\/v2\/media\/51364"}],"wp:attachment":[{"href":"https:\/\/todoapulmon-rafaela.com\/index.php\/wp-json\/wp\/v2\/media?parent=51356"}],"wp:term":[{"taxonomy":"category","embeddable":true,"href":"https:\/\/todoapulmon-rafaela.com\/index.php\/wp-json\/wp\/v2\/categories?post=51356"},{"taxonomy":"post_tag","embeddable":true,"href":"https:\/\/todoapulmon-rafaela.com\/index.php\/wp-json\/wp\/v2\/tags?post=51356"}],"curies":[{"name":"wp","href":"https:\/\/api.w.org\/{rel}","templated":true}]}}