{"id":51141,"date":"2024-09-10T18:34:19","date_gmt":"2024-09-10T18:34:19","guid":{"rendered":"https:\/\/todoapulmon-rafaela.com\/?p=51141"},"modified":"2024-09-10T18:34:19","modified_gmt":"2024-09-10T18:34:19","slug":"derrota-inicial-en-copa-davis","status":"publish","type":"post","link":"https:\/\/todoapulmon-rafaela.com\/index.php\/2024\/09\/10\/derrota-inicial-en-copa-davis\/","title":{"rendered":"Derrota inicial en Copa Davis"},"content":{"rendered":"<p>La\u00a0<b>Selecci\u00f3n Argentina de Tenis <\/b>arranc\u00f3 con un paso en falso el primer partido de la fase de grupos de la\u00a0<b>Copa Davis<\/b>\u00a0ante\u00a0<b>Canad\u00e1<\/b>. Los dirigidos por\u00a0<b>Guillermo Coria<\/b> cedieron los dos duelos de singles y se impusieron en el dobles de la mano de <i><b>Machi<\/b><\/i><b>\u00a0Gonz\u00e1lez<\/b>\u00a0y\u00a0<b>Andr\u00e9s Molteni<\/b>\u00a0ante\u00a0<b>Denis Shapovalov<\/b>\u00a0y\u00a0<b>Vasek Pospisil<\/b>.<\/p>\n<p>El primer turno tuvo a\u00a0<b>Francisco Cer\u00fandolo<\/b>\u00a0en cancha, quien batall\u00f3 contra el ex Top Ten\u00a0<b>Shapovalov<\/b>\u00a0pero no pudo doblegar la resistencias del tenista de 25 a\u00f1os y cay\u00f3<b>\u00a07-5 y 6-3<\/b>\u00a0en poco m\u00e1s de una hora y media de actividad en el\u00a0<i>AO Arena<\/i>\u00a0de Manchester.<\/p>\n<p>Luego,\u00a0<b>Sebasti\u00e1n B\u00e1ez<\/b>\u00a0sufri\u00f3 un duro rev\u00e9s en su choque con el actual 21\u00b0 del planeta\u00a0<b>F\u00e9lix Auger-Aliassime<\/b>: perdi\u00f3 6-3 y 6-3 en un duelo que se extendi\u00f3 por casi 90 minutos.<\/p>\n<p>Finalmente, despu\u00e9s de un 2-6, 6-3 y 6-2, la dupla argentina de dobles asegur\u00f3 el primer punto para los albicelestes.<\/p>\n<p>El viernes ser\u00e1 el segundo cruce ante Gran Breta\u00f1a y el s\u00e1bado frente a Finlandia.<\/p>\n","protected":false},"excerpt":{"rendered":"<p>La\u00a0Selecci\u00f3n Argentina de Tenis arranc\u00f3 con un paso en falso el primer partido de la fase de grupos de la\u00a0Copa<\/p>\n","protected":false},"author":2,"featured_media":51142,"comment_status":"closed","ping_status":"closed","sticky":false,"template":"","format":"standard","meta":{"footnotes":""},"categories":[24,6],"tags":[],"class_list":["post-51141","post","type-post","status-publish","format-standard","has-post-thumbnail","hentry","category-noticias-destacadas","category-tenis"],"cc_featured_image_caption":{"caption_text":"Sebasti\u00e1n Baez perdi\u00f3 en segundo turno (foto AP).","source_text":"","source_url":""},"_links":{"self":[{"href":"https:\/\/todoapulmon-rafaela.com\/index.php\/wp-json\/wp\/v2\/posts\/51141"}],"collection":[{"href":"https:\/\/todoapulmon-rafaela.com\/index.php\/wp-json\/wp\/v2\/posts"}],"about":[{"href":"https:\/\/todoapulmon-rafaela.com\/index.php\/wp-json\/wp\/v2\/types\/post"}],"author":[{"embeddable":true,"href":"https:\/\/todoapulmon-rafaela.com\/index.php\/wp-json\/wp\/v2\/users\/2"}],"replies":[{"embeddable":true,"href":"https:\/\/todoapulmon-rafaela.com\/index.php\/wp-json\/wp\/v2\/comments?post=51141"}],"version-history":[{"count":1,"href":"https:\/\/todoapulmon-rafaela.com\/index.php\/wp-json\/wp\/v2\/posts\/51141\/revisions"}],"predecessor-version":[{"id":51143,"href":"https:\/\/todoapulmon-rafaela.com\/index.php\/wp-json\/wp\/v2\/posts\/51141\/revisions\/51143"}],"wp:featuredmedia":[{"embeddable":true,"href":"https:\/\/todoapulmon-rafaela.com\/index.php\/wp-json\/wp\/v2\/media\/51142"}],"wp:attachment":[{"href":"https:\/\/todoapulmon-rafaela.com\/index.php\/wp-json\/wp\/v2\/media?parent=51141"}],"wp:term":[{"taxonomy":"category","embeddable":true,"href":"https:\/\/todoapulmon-rafaela.com\/index.php\/wp-json\/wp\/v2\/categories?post=51141"},{"taxonomy":"post_tag","embeddable":true,"href":"https:\/\/todoapulmon-rafaela.com\/index.php\/wp-json\/wp\/v2\/tags?post=51141"}],"curies":[{"name":"wp","href":"https:\/\/api.w.org\/{rel}","templated":true}]}}