{"id":51094,"date":"2024-09-08T23:03:39","date_gmt":"2024-09-08T23:03:39","guid":{"rendered":"https:\/\/todoapulmon-rafaela.com\/?p=51094"},"modified":"2024-09-08T23:03:39","modified_gmt":"2024-09-08T23:03:39","slug":"sofia-fregona-y-benjamin-castillo-molina-superando-obstaculos","status":"publish","type":"post","link":"https:\/\/todoapulmon-rafaela.com\/index.php\/2024\/09\/08\/sofia-fregona-y-benjamin-castillo-molina-superando-obstaculos\/","title":{"rendered":"Sof\u00eda Fregona y Benjam\u00edn Castillo Molina, \u00absuperando obst\u00e1culos\u00bb"},"content":{"rendered":"<p>La mediofondista Sof\u00eda Fregona dio este fin de semana otra muestra de su ascendente evoluci\u00f3n, al imponerse en los 3.000 metros con obst\u00e1culos de la Copa Nacional de Clubes U20 realizada en Rosario. El tiempo de la atleta de CRAS, entrenada por Ariel Magallanes y Roc\u00edo Donnet, fue de 13m 17s 89\/100, aventajando a la bonaerense Martina Castell\u00f3n, mientras que tercera fue la tambi\u00e9n entrenada por Magallanes-Donnet, M. Constanza Leonardi.<\/p>\n<p>Cabe mencionar que el s\u00e1bado Fregona culmin\u00f3 cuarta en los 1.500 metros llanos con 5m 15s 23, su mejor registro personal. Por solo 16 cent\u00e9simas no pudo subir al \u00faltimo escal\u00f3n del podio.<\/p>\n<p>La otra alegr\u00eda del domingo fue tambi\u00e9n en la misma prueba de la versi\u00f3n masculina.\u00a0Benjamin Castillo Molina se impuso en los 3.000 metros con obst\u00e1culos con 10m 02s 87. Segundo qued\u00f3 el salte\u00f1o Angel Ortiz y tercero el bonaerense Diego Facal.<\/p>\n<p><img loading=\"lazy\" decoding=\"async\" class=\"alignnone size-full wp-image-51115\" src=\"https:\/\/todoapulmon-rafaela.com\/wp-content\/uploads\/2024\/09\/Castillo-ganador-obstaculos-scaled.jpg\" alt=\"\" width=\"1920\" height=\"2560\" srcset=\"https:\/\/todoapulmon-rafaela.com\/wp-content\/uploads\/2024\/09\/Castillo-ganador-obstaculos-scaled.jpg 1920w, https:\/\/todoapulmon-rafaela.com\/wp-content\/uploads\/2024\/09\/Castillo-ganador-obstaculos-225x300.jpg 225w, https:\/\/todoapulmon-rafaela.com\/wp-content\/uploads\/2024\/09\/Castillo-ganador-obstaculos-1125x1500.jpg 1125w, https:\/\/todoapulmon-rafaela.com\/wp-content\/uploads\/2024\/09\/Castillo-ganador-obstaculos-1152x1536.jpg 1152w, https:\/\/todoapulmon-rafaela.com\/wp-content\/uploads\/2024\/09\/Castillo-ganador-obstaculos-1536x2048.jpg 1536w\" sizes=\"(max-width: 1920px) 100vw, 1920px\" \/><\/p>\n<p>Cabe recordar que una semana atr\u00e1s, tanto Sof\u00eda como el lehmense, ganaron los 5.000 metros en los 21k de Rafaela, con lo cual repitieron festejo siete d\u00edas despu\u00e9s.<\/p>\n<p>En cuanto a las dem\u00e1s performances de atletas de CRAS,\u00a0Santiago Daperno fue finalista en 100 metros, donde termin\u00f3 octavo con un tiempo de 11s54. El entrenado por Leandro Bonamino estuvo muy cerca del podio en los 200 metros, donde qued\u00f3 cuarto con 22s98.<\/p>\n<p>En damas, Magal\u00ed Allassia fue segunda en la marcha sobre 5.000 metros con 25m 55s 23\/100. Su compa\u00f1era en el grupo Runnea con Ariel Magallanes y Roc\u00edo Donnet, Leonela L\u00f3pez, fue tercera con 27m 37s. El triunfo qued\u00f3 para Martina Castell\u00f3n con 25m 43s 90.<\/p>\n<p><img loading=\"lazy\" decoding=\"async\" class=\"alignnone size-full wp-image-51116\" src=\"https:\/\/todoapulmon-rafaela.com\/wp-content\/uploads\/2024\/09\/Marchistas-Copa-U20.jpg\" alt=\"\" width=\"1200\" height=\"1600\" srcset=\"https:\/\/todoapulmon-rafaela.com\/wp-content\/uploads\/2024\/09\/Marchistas-Copa-U20.jpg 1200w, https:\/\/todoapulmon-rafaela.com\/wp-content\/uploads\/2024\/09\/Marchistas-Copa-U20-225x300.jpg 225w, https:\/\/todoapulmon-rafaela.com\/wp-content\/uploads\/2024\/09\/Marchistas-Copa-U20-1125x1500.jpg 1125w, https:\/\/todoapulmon-rafaela.com\/wp-content\/uploads\/2024\/09\/Marchistas-Copa-U20-1152x1536.jpg 1152w\" sizes=\"(max-width: 1200px) 100vw, 1200px\" \/><\/p>\n<p>En salto en largo fue quinta Valentina Okon con marca de 4m 96.<\/p>\n<p>Fue sin dudas otro buen torneo para la delegaci\u00f3n de CRAS de nuestra ciudad, m\u00e1s all\u00e1 de no tener una numerosa cantidad de atletas, con sus representantes sum\u00f3 buenos puntos para seguir d\u00e1ndole protagonismo al atletismo de nuestra ciudad en eventos nacionales.<\/p>\n","protected":false},"excerpt":{"rendered":"<p>La mediofondista Sof\u00eda Fregona dio este fin de semana otra muestra de su ascendente evoluci\u00f3n, al imponerse en los 3.000<\/p>\n","protected":false},"author":2,"featured_media":51114,"comment_status":"closed","ping_status":"closed","sticky":false,"template":"","format":"standard","meta":{"footnotes":""},"categories":[7,24],"tags":[],"class_list":["post-51094","post","type-post","status-publish","format-standard","has-post-thumbnail","hentry","category-atletismo","category-noticias-destacadas"],"cc_featured_image_caption":{"caption_text":"Sof\u00eda Fregona fue primera y Constanza Leonardi tercera en los 3.000 metros con obst\u00e1culos femeninos.","source_text":"","source_url":""},"_links":{"self":[{"href":"https:\/\/todoapulmon-rafaela.com\/index.php\/wp-json\/wp\/v2\/posts\/51094"}],"collection":[{"href":"https:\/\/todoapulmon-rafaela.com\/index.php\/wp-json\/wp\/v2\/posts"}],"about":[{"href":"https:\/\/todoapulmon-rafaela.com\/index.php\/wp-json\/wp\/v2\/types\/post"}],"author":[{"embeddable":true,"href":"https:\/\/todoapulmon-rafaela.com\/index.php\/wp-json\/wp\/v2\/users\/2"}],"replies":[{"embeddable":true,"href":"https:\/\/todoapulmon-rafaela.com\/index.php\/wp-json\/wp\/v2\/comments?post=51094"}],"version-history":[{"count":2,"href":"https:\/\/todoapulmon-rafaela.com\/index.php\/wp-json\/wp\/v2\/posts\/51094\/revisions"}],"predecessor-version":[{"id":51117,"href":"https:\/\/todoapulmon-rafaela.com\/index.php\/wp-json\/wp\/v2\/posts\/51094\/revisions\/51117"}],"wp:featuredmedia":[{"embeddable":true,"href":"https:\/\/todoapulmon-rafaela.com\/index.php\/wp-json\/wp\/v2\/media\/51114"}],"wp:attachment":[{"href":"https:\/\/todoapulmon-rafaela.com\/index.php\/wp-json\/wp\/v2\/media?parent=51094"}],"wp:term":[{"taxonomy":"category","embeddable":true,"href":"https:\/\/todoapulmon-rafaela.com\/index.php\/wp-json\/wp\/v2\/categories?post=51094"},{"taxonomy":"post_tag","embeddable":true,"href":"https:\/\/todoapulmon-rafaela.com\/index.php\/wp-json\/wp\/v2\/tags?post=51094"}],"curies":[{"name":"wp","href":"https:\/\/api.w.org\/{rel}","templated":true}]}}