{"id":5107,"date":"2017-03-17T20:10:40","date_gmt":"2017-03-17T20:10:40","guid":{"rendered":"http:\/\/todoapulmon-rafaela.com\/?p=5107"},"modified":"2017-03-17T20:10:40","modified_gmt":"2017-03-17T20:10:40","slug":"crar-debuta-ante-universitario-2","status":"publish","type":"post","link":"https:\/\/todoapulmon-rafaela.com\/index.php\/2017\/03\/17\/crar-debuta-ante-universitario-2\/","title":{"rendered":"CRAR debuta ante Universitario"},"content":{"rendered":"<p>Con un plantel un tanto renovado, incluyendo a la parte t\u00e9cnica, que ahora en primera y reserva estar\u00e1 a cargo de Mat\u00edas Rodriguez y Nicol\u00e1s Navarro, el CRAR comenzar\u00e1 este s\u00e1bado el torneo Apertura \u00abCarlos Mar\u00edn\u00bb de la Asociaci\u00f3n Santafesina de Hockey. El Verde recibir\u00e1 a Universitario en todas las categor\u00edas, comenzando la actividad en el sint\u00e9tico del predio de la Ruta 70 a las 9 con las Sub 14 y finalizando a las 16.30 en primera divisi\u00f3n.<\/p>\n<p>\u00abEste va a ser un a\u00f1o de transici\u00f3n, pero estamos con muchas expectativas\u00bb, expres\u00f3 Nicol\u00e1s Navarro, en Todo a Pulm\u00f3n radio.<\/p>\n<p>Cabe mencionar que los partidos de la primera fecha ser\u00e1n:<\/p>\n<p><strong>Cancha ASH \u2013 horarios habituales:\u00a0<\/strong>La Salle vs El Quilla.<\/p>\n<p><strong>Cancha Alma Juniors \u2013 horarios habituales:\u00a0<\/strong>Alma Juniors vs SFRC.<\/p>\n<p><strong>Cancha CRAR \u2013 horarios habituales:\u00a0<\/strong>Universitario vs CRAR.<\/p>\n<p><strong>Cancha SFRC \u2013 horarios habituales:\u00a0<\/strong>Col\u00f3n \u2013 Atl\u00e9tico Franck.<\/p>\n<p><strong>Cancha Banco \u2013 horarios habituales:\u00a0<\/strong>CRAI vs Banco.<\/p>\n<p>Aqui el audio de la nota con Nicol\u00e1s Navarro:<\/p>\n<!--[if lt IE 9]><script>document.createElement('audio');<\/script><![endif]-->\n<audio class=\"wp-audio-shortcode\" id=\"audio-5107-1\" preload=\"none\" style=\"width: 100%;\" controls=\"controls\"><source type=\"audio\/mpeg\" src=\"http:\/\/todoapulmon-rafaela.com\/wp-content\/uploads\/2017\/03\/17-3-17-navarro.mp3?_=1\" \/><a href=\"http:\/\/todoapulmon-rafaela.com\/wp-content\/uploads\/2017\/03\/17-3-17-navarro.mp3\">http:\/\/todoapulmon-rafaela.com\/wp-content\/uploads\/2017\/03\/17-3-17-navarro.mp3<\/a><\/audio>\n","protected":false},"excerpt":{"rendered":"<p>Con un plantel un tanto renovado, incluyendo a la parte t\u00e9cnica, que ahora en primera y reserva estar\u00e1 a cargo<\/p>\n","protected":false},"author":2,"featured_media":5104,"comment_status":"open","ping_status":"open","sticky":false,"template":"","format":"standard","meta":{"footnotes":""},"categories":[3,24],"tags":[],"class_list":["post-5107","post","type-post","status-publish","format-standard","has-post-thumbnail","hentry","category-hockey","category-noticias-destacadas"],"cc_featured_image_caption":{"caption_text":"El Verde intentar\u00e1 tener un buen debut en casa.","source_text":"","source_url":""},"_links":{"self":[{"href":"https:\/\/todoapulmon-rafaela.com\/index.php\/wp-json\/wp\/v2\/posts\/5107"}],"collection":[{"href":"https:\/\/todoapulmon-rafaela.com\/index.php\/wp-json\/wp\/v2\/posts"}],"about":[{"href":"https:\/\/todoapulmon-rafaela.com\/index.php\/wp-json\/wp\/v2\/types\/post"}],"author":[{"embeddable":true,"href":"https:\/\/todoapulmon-rafaela.com\/index.php\/wp-json\/wp\/v2\/users\/2"}],"replies":[{"embeddable":true,"href":"https:\/\/todoapulmon-rafaela.com\/index.php\/wp-json\/wp\/v2\/comments?post=5107"}],"version-history":[{"count":1,"href":"https:\/\/todoapulmon-rafaela.com\/index.php\/wp-json\/wp\/v2\/posts\/5107\/revisions"}],"predecessor-version":[{"id":5108,"href":"https:\/\/todoapulmon-rafaela.com\/index.php\/wp-json\/wp\/v2\/posts\/5107\/revisions\/5108"}],"wp:featuredmedia":[{"embeddable":true,"href":"https:\/\/todoapulmon-rafaela.com\/index.php\/wp-json\/wp\/v2\/media\/5104"}],"wp:attachment":[{"href":"https:\/\/todoapulmon-rafaela.com\/index.php\/wp-json\/wp\/v2\/media?parent=5107"}],"wp:term":[{"taxonomy":"category","embeddable":true,"href":"https:\/\/todoapulmon-rafaela.com\/index.php\/wp-json\/wp\/v2\/categories?post=5107"},{"taxonomy":"post_tag","embeddable":true,"href":"https:\/\/todoapulmon-rafaela.com\/index.php\/wp-json\/wp\/v2\/tags?post=5107"}],"curies":[{"name":"wp","href":"https:\/\/api.w.org\/{rel}","templated":true}]}}