{"id":51028,"date":"2024-09-06T19:32:22","date_gmt":"2024-09-06T19:32:22","guid":{"rendered":"https:\/\/todoapulmon-rafaela.com\/?p=51028"},"modified":"2024-09-06T19:32:22","modified_gmt":"2024-09-06T19:32:22","slug":"nueva-practica-de-la-preseleccion-u15-de-la-arb","status":"publish","type":"post","link":"https:\/\/todoapulmon-rafaela.com\/index.php\/2024\/09\/06\/nueva-practica-de-la-preseleccion-u15-de-la-arb\/","title":{"rendered":"Nueva pr\u00e1ctica de la preselecci\u00f3n U15 de la ARB"},"content":{"rendered":"<p>Los d\u00edas 27, 28 y 29 de septiembre se llevar\u00e1 a cabo el torneo Interasociativo de la categor\u00eda U15 en la rama masculina en El Tr\u00e9bol.<\/p>\n<p>Bajo la coordinaci\u00f3n de Germ\u00e1n Schnidrig, el domingo 8 de septiembre se llevar\u00e1 a cabo una nueva sesi\u00f3n de entrenamientos para la preselecci\u00f3n de la ARB, en el Estadio \u201cCarlos Colucci\u201d de Independiente.<\/p>\n<p>En esta oportunidad, los jugadores citados son los siguientes:<\/p>\n<p><strong>Sportivo Ben Hur:<\/strong> Gino Gramaglia, Tomas Santi, Francisco Llorens y Bautista Gentinetta.<br \/>\n<strong>Libertad de Sunchales:<\/strong> Joaqu\u00edn Osella, Federico Boero, Eric Corroto y Alejo Villarreal.<br \/>\n<strong>Independiente:<\/strong> Sim\u00f3n Corrado, Valentino Camperi, Bautista Balari, Juan Mayo y Maximiliano Burgener.<br \/>\n<strong>9 de Julio:<\/strong> Benjam\u00edn Taborda y Santiago Fern\u00e1ndez<br \/>\n<strong>Uni\u00f3n de Sunchales:<\/strong> Bautista Arnold<br \/>\n<strong>Racing LTC de San Crist\u00f3bal:<\/strong> Lautaro \u00c1lvarez.<\/p>\n<p><strong>FORMA DE DISPUTA<\/strong><\/p>\n<p>Se conformar\u00e1n dos zonas con cuatro equipos cada una.<\/p>\n<p>La Zona A estar\u00e1 conformada por las asociaciones Rosarina, Venadense, Noroeste Santafesino y Oeste Santafesino. Jugar\u00e1n en el estadio de Trebolense, mientras que la\u00a0Zona B contar\u00e1 con las asociaciones Rafaelina, Santafesina, Ca\u00f1adense y Reconquista. Se medir\u00e1n en el estadio del Club El Expreso.<\/p>\n<p>La modalidad de juego ser\u00e1 3&#215;1 y por estas horas se eval\u00faa la posibilidad de sumar dos refuerzos que no est\u00e9n jugando en la Provincia de Santa Fe.<\/p>\n<p><strong>MEDINA DIRIGIRA EL SELECCIONADO U17<\/strong><\/p>\n<p>Adem\u00e1s, la ARB inform\u00f3 que durante los d\u00edas 29 y 30 de noviembre y 1 de diciembre se llevar\u00e1 a cabo el Torneo Interasociativo U17 de la rama masculina en la ciudad de Rosario.<\/p>\n<p>Pensando en esa competencia, la Asociaci\u00f3n Rafaelina tendr\u00e1 a Luis Medina como entrenador, acompa\u00f1ado de Gonzalo Bilbao e Iv\u00e1n Andereggen.\u00a0El actual entrenador de la U17 de Libertad de Sunchales ya trabaja y analiza el armado del plantel para dar comienzo a los entrenamientos.<\/p>\n","protected":false},"excerpt":{"rendered":"<p>Los d\u00edas 27, 28 y 29 de septiembre se llevar\u00e1 a cabo el torneo Interasociativo de la categor\u00eda U15 en<\/p>\n","protected":false},"author":2,"featured_media":24636,"comment_status":"closed","ping_status":"closed","sticky":false,"template":"","format":"standard","meta":{"footnotes":""},"categories":[5],"tags":[],"class_list":["post-51028","post","type-post","status-publish","format-standard","has-post-thumbnail","hentry","category-basquet"],"cc_featured_image_caption":{"caption_text":"","source_text":"","source_url":""},"_links":{"self":[{"href":"https:\/\/todoapulmon-rafaela.com\/index.php\/wp-json\/wp\/v2\/posts\/51028"}],"collection":[{"href":"https:\/\/todoapulmon-rafaela.com\/index.php\/wp-json\/wp\/v2\/posts"}],"about":[{"href":"https:\/\/todoapulmon-rafaela.com\/index.php\/wp-json\/wp\/v2\/types\/post"}],"author":[{"embeddable":true,"href":"https:\/\/todoapulmon-rafaela.com\/index.php\/wp-json\/wp\/v2\/users\/2"}],"replies":[{"embeddable":true,"href":"https:\/\/todoapulmon-rafaela.com\/index.php\/wp-json\/wp\/v2\/comments?post=51028"}],"version-history":[{"count":1,"href":"https:\/\/todoapulmon-rafaela.com\/index.php\/wp-json\/wp\/v2\/posts\/51028\/revisions"}],"predecessor-version":[{"id":51029,"href":"https:\/\/todoapulmon-rafaela.com\/index.php\/wp-json\/wp\/v2\/posts\/51028\/revisions\/51029"}],"wp:featuredmedia":[{"embeddable":true,"href":"https:\/\/todoapulmon-rafaela.com\/index.php\/wp-json\/wp\/v2\/media\/24636"}],"wp:attachment":[{"href":"https:\/\/todoapulmon-rafaela.com\/index.php\/wp-json\/wp\/v2\/media?parent=51028"}],"wp:term":[{"taxonomy":"category","embeddable":true,"href":"https:\/\/todoapulmon-rafaela.com\/index.php\/wp-json\/wp\/v2\/categories?post=51028"},{"taxonomy":"post_tag","embeddable":true,"href":"https:\/\/todoapulmon-rafaela.com\/index.php\/wp-json\/wp\/v2\/tags?post=51028"}],"curies":[{"name":"wp","href":"https:\/\/api.w.org\/{rel}","templated":true}]}}