{"id":50994,"date":"2024-09-04T23:44:42","date_gmt":"2024-09-04T23:44:42","guid":{"rendered":"https:\/\/todoapulmon-rafaela.com\/?p=50994"},"modified":"2024-09-04T23:44:42","modified_gmt":"2024-09-04T23:44:42","slug":"vivas-el-scrum-va-a-ser-el-gran-punto-del-partido","status":"publish","type":"post","link":"https:\/\/todoapulmon-rafaela.com\/index.php\/2024\/09\/04\/vivas-el-scrum-va-a-ser-el-gran-punto-del-partido\/","title":{"rendered":"Vivas: \u00abEl scrum va a ser el gran punto del partido\u00bb"},"content":{"rendered":"<p>A medida que se acerca el s\u00e1bado crece la expectativa para el segundo duelo entre Los Pumas y Australia, que se disputar\u00e1 en la cancha de Col\u00f3n de Santa Fe, a partir de las 16.<\/p>\n<p>El pilar rafaelino Mayco Vivas, que ser\u00e1 local dado que es un jugador surgido con CRAR de la Uni\u00f3n Santafesina, dialog\u00f3 con Scrum y expres\u00f3:<\/p>\n<p>\u00abTenemos que poner mucho foco en lo nuestro. Que los errores que nos costaron el partido no est\u00e9n. Por ah\u00ed no va a estar el factor de la lluvia, as\u00ed que en ese sentido ser\u00eda un partido muy distinto para ambos equipos. Va a estar bueno\u00bb, mencion\u00f3 el pilar.<\/p>\n<p>A su vez, destac\u00f3 la importancia de las formaciones fijas y sostuvo: \u00ab<strong>El scrum va a ser un gran punto en el partido<\/strong>. El fin de semana estuvo repartido y por ah\u00ed nos jug\u00f3 en contra algunos momentos\u00bb.<\/p>\n<p>En base a lo que espera de los Wallabies, el pilar declar\u00f3 que \u00abva a seguir siendo un partido t\u00e1ctico, pero se va a jugar mucho m\u00e1s la pelota. Ellos se caracterizan por eso y creo que\u00a0<strong>va a ser un encuentro mucho m\u00e1s abierto<\/strong>\u00ab.<\/p>\n<p>Finalmente, Vivas se refiri\u00f3 al apoyo del p\u00fablico local y dijo: \u00abEs tremendo poder estar en el interior del pa\u00eds y que se acerquen tantos chicos. Se siente mucho el cari\u00f1o en cada lugar que vamos\u00bb.<\/p>\n<p><strong>NUEVO CAMBIO POR LESION<\/strong><\/p>\n<p><strong>Tom\u00e1s Cubelli<\/strong>, quien hab\u00eda regresado al seleccionado argentino por la lesi\u00f3n de<strong> Lautaro Baz\u00e1n V\u00e9lez<\/strong> (sobrecarga muscular), no podr\u00e1 estar en el encuentro por una lesi\u00f3n muscular.<\/p>\n<p>En su lugar ingresar\u00e1\u00a0<strong>Eliseo Morales,<\/strong>\u00a0quien hab\u00eda sido convocado por Argentina XV para disputar el amistoso ante Brasil del pr\u00f3ximo domingo.<\/p>\n","protected":false},"excerpt":{"rendered":"<p>A medida que se acerca el s\u00e1bado crece la expectativa para el segundo duelo entre Los Pumas y Australia, que<\/p>\n","protected":false},"author":2,"featured_media":50995,"comment_status":"closed","ping_status":"closed","sticky":false,"template":"","format":"standard","meta":{"footnotes":""},"categories":[24,2],"tags":[],"class_list":["post-50994","post","type-post","status-publish","format-standard","has-post-thumbnail","hentry","category-noticias-destacadas","category-rugby"],"cc_featured_image_caption":{"caption_text":"FOTO UAR","source_text":"","source_url":""},"_links":{"self":[{"href":"https:\/\/todoapulmon-rafaela.com\/index.php\/wp-json\/wp\/v2\/posts\/50994"}],"collection":[{"href":"https:\/\/todoapulmon-rafaela.com\/index.php\/wp-json\/wp\/v2\/posts"}],"about":[{"href":"https:\/\/todoapulmon-rafaela.com\/index.php\/wp-json\/wp\/v2\/types\/post"}],"author":[{"embeddable":true,"href":"https:\/\/todoapulmon-rafaela.com\/index.php\/wp-json\/wp\/v2\/users\/2"}],"replies":[{"embeddable":true,"href":"https:\/\/todoapulmon-rafaela.com\/index.php\/wp-json\/wp\/v2\/comments?post=50994"}],"version-history":[{"count":1,"href":"https:\/\/todoapulmon-rafaela.com\/index.php\/wp-json\/wp\/v2\/posts\/50994\/revisions"}],"predecessor-version":[{"id":50996,"href":"https:\/\/todoapulmon-rafaela.com\/index.php\/wp-json\/wp\/v2\/posts\/50994\/revisions\/50996"}],"wp:featuredmedia":[{"embeddable":true,"href":"https:\/\/todoapulmon-rafaela.com\/index.php\/wp-json\/wp\/v2\/media\/50995"}],"wp:attachment":[{"href":"https:\/\/todoapulmon-rafaela.com\/index.php\/wp-json\/wp\/v2\/media?parent=50994"}],"wp:term":[{"taxonomy":"category","embeddable":true,"href":"https:\/\/todoapulmon-rafaela.com\/index.php\/wp-json\/wp\/v2\/categories?post=50994"},{"taxonomy":"post_tag","embeddable":true,"href":"https:\/\/todoapulmon-rafaela.com\/index.php\/wp-json\/wp\/v2\/tags?post=50994"}],"curies":[{"name":"wp","href":"https:\/\/api.w.org\/{rel}","templated":true}]}}