{"id":50966,"date":"2024-09-04T11:16:50","date_gmt":"2024-09-04T11:16:50","guid":{"rendered":"https:\/\/todoapulmon-rafaela.com\/?p=50966"},"modified":"2024-09-04T11:20:09","modified_gmt":"2024-09-04T11:20:09","slug":"pablo-scozzina-tuvo-una-gran-carrera-en-parana","status":"publish","type":"post","link":"https:\/\/todoapulmon-rafaela.com\/index.php\/2024\/09\/04\/pablo-scozzina-tuvo-una-gran-carrera-en-parana\/","title":{"rendered":"Pablo Scozzina tuvo una gran carrera en Paran\u00e1"},"content":{"rendered":"<p>El fin de semana se realiz\u00f3 en Paran\u00e1 una competencia de aguas abiertas sobre 7,5 km. de recorrido, con largada en Puerto Barrancas hacia la capital entrerriana, en la cual tuvo un destacado desempe\u00f1o el nadador Pablo Scozzina.<\/p>\n<p>De la misma participaron unos 60 nadadores que desafiaron las aguas fr\u00edas de esta \u00e9poca del a\u00f1o, con una temperatura aproximada de 12 grados, siendo la participaci\u00f3n en la categor\u00eda sin traje. El representante de nuestra ciudad logr\u00f3 el segundo puesto en la clasificaci\u00f3n general y fue primero en su categor\u00eda, con un tiempo de 1h 01m.<\/p>\n<p>La prueba tuvo la organizaci\u00f3n de Aguas Abiertas Paran\u00e1 y fiscalizaci\u00f3n de ACANI (Asociaci\u00f3n de Competencias Argentinas de Nataci\u00f3n de Invierno).<\/p>\n<p><img loading=\"lazy\" decoding=\"async\" class=\"alignnone size-full wp-image-50968\" src=\"https:\/\/todoapulmon-rafaela.com\/wp-content\/uploads\/2024\/09\/Scozzina-medalla.jpg\" alt=\"\" width=\"1200\" height=\"1600\" srcset=\"https:\/\/todoapulmon-rafaela.com\/wp-content\/uploads\/2024\/09\/Scozzina-medalla.jpg 1200w, https:\/\/todoapulmon-rafaela.com\/wp-content\/uploads\/2024\/09\/Scozzina-medalla-225x300.jpg 225w, https:\/\/todoapulmon-rafaela.com\/wp-content\/uploads\/2024\/09\/Scozzina-medalla-1125x1500.jpg 1125w, https:\/\/todoapulmon-rafaela.com\/wp-content\/uploads\/2024\/09\/Scozzina-medalla-1152x1536.jpg 1152w\" sizes=\"(max-width: 1200px) 100vw, 1200px\" \/><\/p>\n<div class=\"x11i5rnm xat24cr x1mh8g0r x1vvkbs xtlvy1s x126k92a\">\n<div dir=\"auto\">La competencia Aguas Abiertas del Paran\u00e1 es un evento especial que se realiza exclusivamente durante la temporada de invierno, lo que a\u00f1ade un desaf\u00edo adicional a los nadadores: enfrentar las bajas temperaturas del agua. Este tipo de pruebas, conocidas como competencias de aguas fr\u00edas, no solo exigen una excelente preparaci\u00f3n f\u00edsica y mental, sino tambi\u00e9n una capacidad especial para resistir el fr\u00edo, lo que requiere un gran esfuerzo para mantener el rendimiento y la concentraci\u00f3n.<\/div>\n<\/div>\n<div class=\"x11i5rnm xat24cr x1mh8g0r x1vvkbs xtlvy1s x126k92a\">\n<div dir=\"auto\">Resultados de la prueba:<\/div>\n<div dir=\"auto\"><\/div>\n<\/div>\n<div class=\"x11i5rnm xat24cr x1mh8g0r x1vvkbs xtlvy1s x126k92a\">\n<div dir=\"auto\"><strong>\u2022 Masculino con neopreno:<\/strong><\/div>\n<div dir=\"auto\">1. Feliciano Valenti<\/div>\n<div dir=\"auto\">2. Diego Boviez<\/div>\n<div dir=\"auto\">3. Alvaro Ariel Pineda<\/div>\n<\/div>\n<div class=\"x11i5rnm xat24cr x1mh8g0r x1vvkbs xtlvy1s x126k92a\">\n<div dir=\"auto\"><strong>\u2022 Masculino sin neopreno:<\/strong><\/div>\n<div dir=\"auto\">1. H\u00e9ctor Mariano Mortara<\/div>\n<div dir=\"auto\"><strong>2. Pablo Scozzina<\/strong><\/div>\n<div dir=\"auto\">3. Facundo Palomino<\/div>\n<\/div>\n<div class=\"x11i5rnm xat24cr x1mh8g0r x1vvkbs xtlvy1s x126k92a\">\n<div dir=\"auto\"><strong>\u2022 Femenino con neopreno:<\/strong><\/div>\n<div dir=\"auto\">1. Claudia Vicchio<\/div>\n<div dir=\"auto\">2. Natalia Lorena Mercado<\/div>\n<div dir=\"auto\">3. Mar\u00eda Florencia Flores<\/div>\n<\/div>\n<div class=\"x11i5rnm xat24cr x1mh8g0r x1vvkbs xtlvy1s x126k92a\">\n<div dir=\"auto\"><strong>\u2022 Femenino sin neopreno:<\/strong><\/div>\n<div dir=\"auto\">1. Silvina Crosa<\/div>\n<div dir=\"auto\">2. Fernanda Taborda.<\/div>\n<\/div>\n","protected":false},"excerpt":{"rendered":"<p>El fin de semana se realiz\u00f3 en Paran\u00e1 una competencia de aguas abiertas sobre 7,5 km. de recorrido, con largada<\/p>\n","protected":false},"author":2,"featured_media":50967,"comment_status":"closed","ping_status":"closed","sticky":false,"template":"","format":"standard","meta":{"footnotes":""},"categories":[26,24],"tags":[],"class_list":["post-50966","post","type-post","status-publish","format-standard","has-post-thumbnail","hentry","category-natacion","category-noticias-destacadas"],"cc_featured_image_caption":{"caption_text":"","source_text":"","source_url":""},"_links":{"self":[{"href":"https:\/\/todoapulmon-rafaela.com\/index.php\/wp-json\/wp\/v2\/posts\/50966"}],"collection":[{"href":"https:\/\/todoapulmon-rafaela.com\/index.php\/wp-json\/wp\/v2\/posts"}],"about":[{"href":"https:\/\/todoapulmon-rafaela.com\/index.php\/wp-json\/wp\/v2\/types\/post"}],"author":[{"embeddable":true,"href":"https:\/\/todoapulmon-rafaela.com\/index.php\/wp-json\/wp\/v2\/users\/2"}],"replies":[{"embeddable":true,"href":"https:\/\/todoapulmon-rafaela.com\/index.php\/wp-json\/wp\/v2\/comments?post=50966"}],"version-history":[{"count":1,"href":"https:\/\/todoapulmon-rafaela.com\/index.php\/wp-json\/wp\/v2\/posts\/50966\/revisions"}],"predecessor-version":[{"id":50969,"href":"https:\/\/todoapulmon-rafaela.com\/index.php\/wp-json\/wp\/v2\/posts\/50966\/revisions\/50969"}],"wp:featuredmedia":[{"embeddable":true,"href":"https:\/\/todoapulmon-rafaela.com\/index.php\/wp-json\/wp\/v2\/media\/50967"}],"wp:attachment":[{"href":"https:\/\/todoapulmon-rafaela.com\/index.php\/wp-json\/wp\/v2\/media?parent=50966"}],"wp:term":[{"taxonomy":"category","embeddable":true,"href":"https:\/\/todoapulmon-rafaela.com\/index.php\/wp-json\/wp\/v2\/categories?post=50966"},{"taxonomy":"post_tag","embeddable":true,"href":"https:\/\/todoapulmon-rafaela.com\/index.php\/wp-json\/wp\/v2\/tags?post=50966"}],"curies":[{"name":"wp","href":"https:\/\/api.w.org\/{rel}","templated":true}]}}