{"id":50887,"date":"2024-09-01T13:35:03","date_gmt":"2024-09-01T13:35:03","guid":{"rendered":"https:\/\/todoapulmon-rafaela.com\/?p=50887"},"modified":"2024-09-01T13:35:03","modified_gmt":"2024-09-01T13:35:03","slug":"alvaro-nocenti-y-florencia-bermudez-ganaron-los-21k","status":"publish","type":"post","link":"https:\/\/todoapulmon-rafaela.com\/index.php\/2024\/09\/01\/alvaro-nocenti-y-florencia-bermudez-ganaron-los-21k\/","title":{"rendered":"Alvaro Nocenti y Florencia Berm\u00fadez ganaron los 21k"},"content":{"rendered":"<p>En la fr\u00eda ma\u00f1ana de este domingo se desarroll\u00f3 la 14 edici\u00f3n de los 21k Ciudad de Rafaela, en una gran fiesta del running que arranc\u00f3 nublada y culmin\u00f3 con sol.<br \/>\nM\u00e1s all\u00e1 de la temperatura baja para el p\u00fablico, los corredores disfrutaron de una jornada ideal.<br \/>\nEn la distancia mayor el triunfo fue para el Santafesino Alvaro Nocenti, en 1h 10m 24s, quedando segundo el morterense Emanuel Asselborn (ganador el a\u00f1o pasado) y tercero el sanfrancisque\u00f1o Leonardo Delrivo.<\/p>\n<p><img loading=\"lazy\" decoding=\"async\" class=\"alignnone size-full wp-image-50888\" src=\"https:\/\/todoapulmon-rafaela.com\/wp-content\/uploads\/2024\/09\/20240901_100759-scaled.jpg\" alt=\"\" width=\"2560\" height=\"1920\" srcset=\"https:\/\/todoapulmon-rafaela.com\/wp-content\/uploads\/2024\/09\/20240901_100759-scaled.jpg 2560w, https:\/\/todoapulmon-rafaela.com\/wp-content\/uploads\/2024\/09\/20240901_100759-300x225.jpg 300w, https:\/\/todoapulmon-rafaela.com\/wp-content\/uploads\/2024\/09\/20240901_100759-2000x1500.jpg 2000w, https:\/\/todoapulmon-rafaela.com\/wp-content\/uploads\/2024\/09\/20240901_100759-1536x1152.jpg 1536w, https:\/\/todoapulmon-rafaela.com\/wp-content\/uploads\/2024\/09\/20240901_100759-2048x1536.jpg 2048w\" sizes=\"(max-width: 2560px) 100vw, 2560px\" \/><\/p>\n<p>En Damas fue ganadora la local Florencia Bermudez, que recientemente estuvo realizando una preparaci\u00f3n en Cachi, segunda fue la esperancina Patricia Ponce y tercera Carina Cuevas.<br \/>\n<!--\/data\/user\/0\/com.samsung.android.app.notes\/files\/clipdata\/clipdata_bodytext_240901_102833_873.sdocx--><\/p>\n","protected":false},"excerpt":{"rendered":"<p>En la fr\u00eda ma\u00f1ana de este domingo se desarroll\u00f3 la 14 edici\u00f3n de los 21k Ciudad de Rafaela, en una<\/p>\n","protected":false},"author":2,"featured_media":50890,"comment_status":"closed","ping_status":"closed","sticky":false,"template":"","format":"standard","meta":{"footnotes":""},"categories":[7,24],"tags":[],"class_list":["post-50887","post","type-post","status-publish","format-standard","has-post-thumbnail","hentry","category-atletismo","category-noticias-destacadas"],"cc_featured_image_caption":{"caption_text":"","source_text":"","source_url":""},"_links":{"self":[{"href":"https:\/\/todoapulmon-rafaela.com\/index.php\/wp-json\/wp\/v2\/posts\/50887"}],"collection":[{"href":"https:\/\/todoapulmon-rafaela.com\/index.php\/wp-json\/wp\/v2\/posts"}],"about":[{"href":"https:\/\/todoapulmon-rafaela.com\/index.php\/wp-json\/wp\/v2\/types\/post"}],"author":[{"embeddable":true,"href":"https:\/\/todoapulmon-rafaela.com\/index.php\/wp-json\/wp\/v2\/users\/2"}],"replies":[{"embeddable":true,"href":"https:\/\/todoapulmon-rafaela.com\/index.php\/wp-json\/wp\/v2\/comments?post=50887"}],"version-history":[{"count":1,"href":"https:\/\/todoapulmon-rafaela.com\/index.php\/wp-json\/wp\/v2\/posts\/50887\/revisions"}],"predecessor-version":[{"id":50891,"href":"https:\/\/todoapulmon-rafaela.com\/index.php\/wp-json\/wp\/v2\/posts\/50887\/revisions\/50891"}],"wp:featuredmedia":[{"embeddable":true,"href":"https:\/\/todoapulmon-rafaela.com\/index.php\/wp-json\/wp\/v2\/media\/50890"}],"wp:attachment":[{"href":"https:\/\/todoapulmon-rafaela.com\/index.php\/wp-json\/wp\/v2\/media?parent=50887"}],"wp:term":[{"taxonomy":"category","embeddable":true,"href":"https:\/\/todoapulmon-rafaela.com\/index.php\/wp-json\/wp\/v2\/categories?post=50887"},{"taxonomy":"post_tag","embeddable":true,"href":"https:\/\/todoapulmon-rafaela.com\/index.php\/wp-json\/wp\/v2\/tags?post=50887"}],"curies":[{"name":"wp","href":"https:\/\/api.w.org\/{rel}","templated":true}]}}