{"id":5077,"date":"2017-03-15T14:40:09","date_gmt":"2017-03-15T14:40:09","guid":{"rendered":"http:\/\/todoapulmon-rafaela.com\/?p=5077"},"modified":"2017-03-15T14:40:09","modified_gmt":"2017-03-15T14:40:09","slug":"la-marca-de-kloster-en-cordoba-record-nacional-u23","status":"publish","type":"post","link":"https:\/\/todoapulmon-rafaela.com\/index.php\/2017\/03\/15\/la-marca-de-kloster-en-cordoba-record-nacional-u23\/","title":{"rendered":"La marca de Kloster en C\u00f3rdoba, r\u00e9cord nacional U23"},"content":{"rendered":"<p>Los indicios eran firmes, pero restaba la confirmaci\u00f3n oficial. La Confederaci\u00f3n Argentina de Atletismo y el colega Edgardo Fontana, especialista en atletismo, publicaron en las \u00faltimas horas que el registro de Sof\u00eda Kloster en C\u00f3rdoba el pasado fin de semana es nuevo\u00a0r\u00e9cord nacional U23 de 10.000 metros marcha. La marca de 52:22.06, mejora los 53:53.70 que manten\u00eda la bonaerense Daiana Luj\u00e1n desde el 15 de noviembre de 2008 en Santa Rosa (La Pampa.<\/p>\n<p>Con esta marca, la atleta representante del Centro de Educaci\u00f3n F\u00edsica N\u00ba 53 trep\u00f3 al segundo lugar en el ranking argentino absoluto de todos los tiempos, escoltando a la legendaria Lidia Carriego, que posee el r\u00e9cord nacional con 51:53.3 (data del 9 de octubre de 1994). Cabe acotar que la competencia fue en el marco de los Campeonatos Provinciales de Juveniles de C\u00f3rdoba, que se disputaron el 11 y 12 de marzo.<\/p>\n<p>Sin dudas, se trata de un gran impulso para la rafaelina luego de superar en las recientes temporadas algunas molestias f\u00ecsicas, para su entrenador Ariel Magallanes y para todo el grupo de atletismo del CEF N\u00ba 53, que en gran parte realiz\u00f3 una pretemporada en Cachi que ya est\u00e1 dando frutos.<\/p>\n","protected":false},"excerpt":{"rendered":"<p>Los indicios eran firmes, pero restaba la confirmaci\u00f3n oficial. La Confederaci\u00f3n Argentina de Atletismo y el colega Edgardo Fontana, especialista<\/p>\n","protected":false},"author":2,"featured_media":5078,"comment_status":"open","ping_status":"open","sticky":false,"template":"","format":"standard","meta":{"footnotes":""},"categories":[7,24],"tags":[],"class_list":["post-5077","post","type-post","status-publish","format-standard","has-post-thumbnail","hentry","category-atletismo","category-noticias-destacadas"],"cc_featured_image_caption":{"caption_text":"Sof\u00eda Kloster bati\u00f3 el r\u00e9cord de los 10 km. de su categor\u00eda, marca que ten\u00eda mas de 8 a\u00f1os.","source_text":"","source_url":""},"_links":{"self":[{"href":"https:\/\/todoapulmon-rafaela.com\/index.php\/wp-json\/wp\/v2\/posts\/5077"}],"collection":[{"href":"https:\/\/todoapulmon-rafaela.com\/index.php\/wp-json\/wp\/v2\/posts"}],"about":[{"href":"https:\/\/todoapulmon-rafaela.com\/index.php\/wp-json\/wp\/v2\/types\/post"}],"author":[{"embeddable":true,"href":"https:\/\/todoapulmon-rafaela.com\/index.php\/wp-json\/wp\/v2\/users\/2"}],"replies":[{"embeddable":true,"href":"https:\/\/todoapulmon-rafaela.com\/index.php\/wp-json\/wp\/v2\/comments?post=5077"}],"version-history":[{"count":1,"href":"https:\/\/todoapulmon-rafaela.com\/index.php\/wp-json\/wp\/v2\/posts\/5077\/revisions"}],"predecessor-version":[{"id":5079,"href":"https:\/\/todoapulmon-rafaela.com\/index.php\/wp-json\/wp\/v2\/posts\/5077\/revisions\/5079"}],"wp:featuredmedia":[{"embeddable":true,"href":"https:\/\/todoapulmon-rafaela.com\/index.php\/wp-json\/wp\/v2\/media\/5078"}],"wp:attachment":[{"href":"https:\/\/todoapulmon-rafaela.com\/index.php\/wp-json\/wp\/v2\/media?parent=5077"}],"wp:term":[{"taxonomy":"category","embeddable":true,"href":"https:\/\/todoapulmon-rafaela.com\/index.php\/wp-json\/wp\/v2\/categories?post=5077"},{"taxonomy":"post_tag","embeddable":true,"href":"https:\/\/todoapulmon-rafaela.com\/index.php\/wp-json\/wp\/v2\/tags?post=5077"}],"curies":[{"name":"wp","href":"https:\/\/api.w.org\/{rel}","templated":true}]}}