{"id":50651,"date":"2024-08-24T21:49:51","date_gmt":"2024-08-24T21:49:51","guid":{"rendered":"https:\/\/todoapulmon-rafaela.com\/?p=50651"},"modified":"2024-08-24T21:49:51","modified_gmt":"2024-08-24T21:49:51","slug":"crar-avanzo-en-la-copa-santa-fe","status":"publish","type":"post","link":"https:\/\/todoapulmon-rafaela.com\/index.php\/2024\/08\/24\/crar-avanzo-en-la-copa-santa-fe\/","title":{"rendered":"CRAR avanz\u00f3 en la Copa Santa Fe"},"content":{"rendered":"<p>El C\u00edrculo Rafaelino fue primero en la zona jugada en nuestra ciudad este s\u00e1bado, con victorias ante Los Guaycur\u00faes de Sunchales por 22 a 12 y ante Alma Juniors de Esperanza por 17 a 14.<\/p>\n<p>CRAR super\u00f3 la etapa inicial de la Copa Santa Fe de Rugby disputada este s\u00e1bado en el predio de la Ruta 70.<br \/>\nEl equipo rafaelino venci\u00f3 en el primer partido ante Los Guaycur\u00faes de Sunchales por 22 a 12, mientras que luego en la definici\u00f3n de este grupo super\u00f3 a Alma Juniors de Esperanza -que previamente se hab\u00eda impuesto a Brown de San Vicente- por 17 a 14.<\/p>\n<p>De esta manera, en fecha a confirmar (podr\u00eda ser en octubre), jugar\u00e1 un cuadrangular final de la Zona Santa Fe con quienes se hayan impuesto en las zonas realizadas en San Carlos y Coronda, m\u00e1s el mejor segundo.<br \/>\nFrente al elenco sunchalense, el Verde de nuestra ciudad form\u00f3 con Nahuel Rojas, M\u00e1ximo Astesano y Joaqu\u00edn Astesano; Martin Fern\u00e1nez y Alan Narv\u00e1ez; Mateo Sem, Santiago Ferpozzi y Gian Allasino; Agust\u00edn Cesano y Jer\u00f3nimo Ribero; Tom\u00e1s Airasca, Mateo Ferrero, Ignacio Martinez, Santiago Krause; Santino Croci.<br \/>\nLuego ingresaron Jorge Requelme, Juan Ghizzoni, Gonzalo Clemenz, Homero Corach y Augusto Kieffer.<br \/>\nLos puntos del ganador fueron por dos tries de Ignacio Martinez, uno de Agust\u00edn Cesano y otro de M\u00e1ximo Astesano. Adem\u00e1s hubo una conversi\u00f3n de Santino Croci.<\/p>\n<p><img loading=\"lazy\" decoding=\"async\" class=\"alignnone size-full wp-image-50653\" src=\"https:\/\/todoapulmon-rafaela.com\/wp-content\/uploads\/2024\/08\/P1520479_resultado.jpg\" alt=\"\" width=\"1600\" height=\"1200\" srcset=\"https:\/\/todoapulmon-rafaela.com\/wp-content\/uploads\/2024\/08\/P1520479_resultado.jpg 1600w, https:\/\/todoapulmon-rafaela.com\/wp-content\/uploads\/2024\/08\/P1520479_resultado-300x225.jpg 300w, https:\/\/todoapulmon-rafaela.com\/wp-content\/uploads\/2024\/08\/P1520479_resultado-1536x1152.jpg 1536w\" sizes=\"(max-width: 1600px) 100vw, 1600px\" \/><br \/>\nEn tanto, en el encuentro frente a los esperancinos, CRAR alist\u00f3 inicialmente a Lautaro Saravia, Lautaro Duria y Gast\u00f3n Zbrun; Juan Cruz Karlen y Juan P. Imvinkelried; Franco Madera, Gonzalo Clemenz y Gian Allasino; Genaro Sismondi y Mateo Villar; Leonardo Sabellotti, Santiago Albrecht, Manuel Mandrille, Franco Appo; Jer\u00f3nimo Ribero.<br \/>\nLuego ingresaron M\u00e1ximo Astesano, Joaqu\u00edn Astesano, Mart\u00edn Fernanez, Agust\u00edn Cesano. Ignacio Martinez y Nahuel Rojas.<br \/>\nLos puntos fueron a trav\u00e9s de los tries de Juan Ignacio Ghizzoni, Mateo Villar y Esteban Appo, m\u00e1s una conversi\u00f3n de Mateo Villar.<\/p>\n","protected":false},"excerpt":{"rendered":"<p>El C\u00edrculo Rafaelino fue primero en la zona jugada en nuestra ciudad este s\u00e1bado, con victorias ante Los Guaycur\u00faes de<\/p>\n","protected":false},"author":2,"featured_media":50652,"comment_status":"closed","ping_status":"closed","sticky":false,"template":"","format":"standard","meta":{"footnotes":""},"categories":[24,2],"tags":[],"class_list":["post-50651","post","type-post","status-publish","format-standard","has-post-thumbnail","hentry","category-noticias-destacadas","category-rugby"],"cc_featured_image_caption":{"caption_text":"","source_text":"","source_url":""},"_links":{"self":[{"href":"https:\/\/todoapulmon-rafaela.com\/index.php\/wp-json\/wp\/v2\/posts\/50651"}],"collection":[{"href":"https:\/\/todoapulmon-rafaela.com\/index.php\/wp-json\/wp\/v2\/posts"}],"about":[{"href":"https:\/\/todoapulmon-rafaela.com\/index.php\/wp-json\/wp\/v2\/types\/post"}],"author":[{"embeddable":true,"href":"https:\/\/todoapulmon-rafaela.com\/index.php\/wp-json\/wp\/v2\/users\/2"}],"replies":[{"embeddable":true,"href":"https:\/\/todoapulmon-rafaela.com\/index.php\/wp-json\/wp\/v2\/comments?post=50651"}],"version-history":[{"count":3,"href":"https:\/\/todoapulmon-rafaela.com\/index.php\/wp-json\/wp\/v2\/posts\/50651\/revisions"}],"predecessor-version":[{"id":50656,"href":"https:\/\/todoapulmon-rafaela.com\/index.php\/wp-json\/wp\/v2\/posts\/50651\/revisions\/50656"}],"wp:featuredmedia":[{"embeddable":true,"href":"https:\/\/todoapulmon-rafaela.com\/index.php\/wp-json\/wp\/v2\/media\/50652"}],"wp:attachment":[{"href":"https:\/\/todoapulmon-rafaela.com\/index.php\/wp-json\/wp\/v2\/media?parent=50651"}],"wp:term":[{"taxonomy":"category","embeddable":true,"href":"https:\/\/todoapulmon-rafaela.com\/index.php\/wp-json\/wp\/v2\/categories?post=50651"},{"taxonomy":"post_tag","embeddable":true,"href":"https:\/\/todoapulmon-rafaela.com\/index.php\/wp-json\/wp\/v2\/tags?post=50651"}],"curies":[{"name":"wp","href":"https:\/\/api.w.org\/{rel}","templated":true}]}}