{"id":50625,"date":"2024-08-23T20:22:08","date_gmt":"2024-08-23T20:22:08","guid":{"rendered":"https:\/\/todoapulmon-rafaela.com\/?p=50625"},"modified":"2024-08-24T02:00:07","modified_gmt":"2024-08-24T02:00:07","slug":"almagro-se-destaco-en-el-argentino-de-karate","status":"publish","type":"post","link":"https:\/\/todoapulmon-rafaela.com\/index.php\/2024\/08\/23\/almagro-se-destaco-en-el-argentino-de-karate\/","title":{"rendered":"Almagro se destac\u00f3 en el Argentino de Karate"},"content":{"rendered":"<p>El 53\u00b0 Campeonato Argentino Kyudokan Higa Te de Karate se desarroll\u00f3 en Morteros (C\u00f3rdoba) con numerosas delegaciones de varias provincias.<\/p>\n<p>El Dojo Almagro de Rafaela estuvo presente con diez competidores y un \u00e1rbitro. En la ciudad cordobesa participaron de gran forma:<br \/>\nUlises Avalos, Tom\u00e1s Macagno, Bautista Vignola, Dominic Avalos, Genaro Viotti, Axel Navarro, Nicol\u00e1s Echevarr\u00eda, Tiziano Oesquer, Ezequiel Scarafia, Carlos Abelda\u00f1o y Mart\u00edn Gilli.<\/p>\n<p><img loading=\"lazy\" decoding=\"async\" class=\"alignnone size-full wp-image-50627\" src=\"https:\/\/todoapulmon-rafaela.com\/wp-content\/uploads\/2024\/08\/IMG-20240823-WA0014.jpg\" alt=\"\" width=\"720\" height=\"900\" srcset=\"https:\/\/todoapulmon-rafaela.com\/wp-content\/uploads\/2024\/08\/IMG-20240823-WA0014.jpg 720w, https:\/\/todoapulmon-rafaela.com\/wp-content\/uploads\/2024\/08\/IMG-20240823-WA0014-240x300.jpg 240w\" sizes=\"(max-width: 720px) 100vw, 720px\" \/><\/p>\n<p><strong>LOS RESULTADOS<\/strong><br \/>\n<strong>Ulises Avalos:<\/strong> 1\u00b0 puesto en Kumite Mixto hasta 6 a\u00f1os y 2 puesto en Kata Mixto hasta 6 a\u00f1os.<br \/>\n<strong><em>Bautista Vignola<\/em>:<\/strong> 1\u00b0 puesto en Kumite Caballeros 9 a 10 a\u00f1os.<br \/>\n<strong>Dominic Avalos<\/strong>: 3\u00b0 puesto en Kumite Caballeros 9 a 10 a\u00f1os.<br \/>\n<strong>Genaro Viotti: <\/strong>1\u00b0 puesto en Kumite Caballeros 11 a 12 a\u00f1os.<br \/>\n<strong>Axel Navarro<\/strong>: 1\u00b0 puesto en Kata Caballeros 13 a 14 a\u00f1os.<br \/>\n<strong>Nicol\u00e1s Echevarr\u00eda<\/strong>: 2\u00b0 puesto Kumite Caballeros 13 a 14 a\u00f1os.<br \/>\n<strong>Ezequiel Scarafia<\/strong>: 2\u00b0 puesto Kata Caballeros Mayores.<br \/>\n<strong>Equipo Kata Almagro hasta 12 a\u00f1os<\/strong>: 1\u00b0 puesto (Avalos, Vignola, Viotti).<br \/>\n<strong>Equipo Kata Santa Fe de 13 a 17 a\u00f1os:<\/strong> 2\u00b0 puesto (Oesquer, Echevarr\u00eda).<br \/>\n<strong>Equipo Kata Santa Fe Mayores<\/strong>: 1\u00b0 puesto (Abelda\u00f1o).<br \/>\n<strong>Equipo Kumite Santa Fe Caballeros Juveniles:<\/strong> 2\u00b0 puesto (Oesquer, Echevarr\u00eda).<br \/>\n<strong>Equipo Kumite Santa Fe Caballeros Mayores:<\/strong> 3\u00b0 puesto (Scarafia).<\/p>\n","protected":false},"excerpt":{"rendered":"<p>El 53\u00b0 Campeonato Argentino Kyudokan Higa Te de Karate se desarroll\u00f3 en Morteros (C\u00f3rdoba) con numerosas delegaciones de varias provincias.<\/p>\n","protected":false},"author":2,"featured_media":50629,"comment_status":"closed","ping_status":"closed","sticky":false,"template":"","format":"standard","meta":{"footnotes":""},"categories":[18,24],"tags":[],"class_list":["post-50625","post","type-post","status-publish","format-standard","has-post-thumbnail","hentry","category-artes-marciales","category-noticias-destacadas"],"cc_featured_image_caption":{"caption_text":"","source_text":"","source_url":""},"_links":{"self":[{"href":"https:\/\/todoapulmon-rafaela.com\/index.php\/wp-json\/wp\/v2\/posts\/50625"}],"collection":[{"href":"https:\/\/todoapulmon-rafaela.com\/index.php\/wp-json\/wp\/v2\/posts"}],"about":[{"href":"https:\/\/todoapulmon-rafaela.com\/index.php\/wp-json\/wp\/v2\/types\/post"}],"author":[{"embeddable":true,"href":"https:\/\/todoapulmon-rafaela.com\/index.php\/wp-json\/wp\/v2\/users\/2"}],"replies":[{"embeddable":true,"href":"https:\/\/todoapulmon-rafaela.com\/index.php\/wp-json\/wp\/v2\/comments?post=50625"}],"version-history":[{"count":1,"href":"https:\/\/todoapulmon-rafaela.com\/index.php\/wp-json\/wp\/v2\/posts\/50625\/revisions"}],"predecessor-version":[{"id":50628,"href":"https:\/\/todoapulmon-rafaela.com\/index.php\/wp-json\/wp\/v2\/posts\/50625\/revisions\/50628"}],"wp:featuredmedia":[{"embeddable":true,"href":"https:\/\/todoapulmon-rafaela.com\/index.php\/wp-json\/wp\/v2\/media\/50629"}],"wp:attachment":[{"href":"https:\/\/todoapulmon-rafaela.com\/index.php\/wp-json\/wp\/v2\/media?parent=50625"}],"wp:term":[{"taxonomy":"category","embeddable":true,"href":"https:\/\/todoapulmon-rafaela.com\/index.php\/wp-json\/wp\/v2\/categories?post=50625"},{"taxonomy":"post_tag","embeddable":true,"href":"https:\/\/todoapulmon-rafaela.com\/index.php\/wp-json\/wp\/v2\/tags?post=50625"}],"curies":[{"name":"wp","href":"https:\/\/api.w.org\/{rel}","templated":true}]}}