{"id":50587,"date":"2024-08-22T15:44:38","date_gmt":"2024-08-22T15:44:38","guid":{"rendered":"https:\/\/todoapulmon-rafaela.com\/?p=50587"},"modified":"2024-08-22T15:44:38","modified_gmt":"2024-08-22T15:44:38","slug":"mondino-y-la-seleccion-u20-con-la-puesta-a-punto-para-el-mundial","status":"publish","type":"post","link":"https:\/\/todoapulmon-rafaela.com\/index.php\/2024\/08\/22\/mondino-y-la-seleccion-u20-con-la-puesta-a-punto-para-el-mundial\/","title":{"rendered":"Mondino y la selecci\u00f3n U20 con la puesta a punto para el Mundial"},"content":{"rendered":"<p>Parte de los atletas argentinos que participaran en el Mundial U-20 de Lima, ya se encuentran desde el domingo 18, entrenando en las instalaciones de La Videna.<\/p>\n<p>Un grupo de ocho atletas est\u00e1n realizando la \u00faltima parte de su preparaci\u00f3n con vistas a su debut en el m\u00e1ximo encuentro de la categor\u00eda U-20, en su vig\u00e9sima edici\u00f3n. Otros cuatro atletas se sumaran el pr\u00f3ximo 25 del corriente para iniciar las competencias a partir del 27 y hasta el 31.<\/p>\n<p>A excepci\u00f3n del rafaelino Tom\u00e1s Mondino, que ya ha participado en estos mundiales (Kenia 2021 y Colombia 2022), los 11 atletas restantes lo har\u00e1n por primera vez en esta cita universal.<\/p>\n<p>El velocista de nuestra ciudad, que obtuvo tres medallas en el sudamericano que se hizo el mes pasado en la misma pista de la capital peruana, cont\u00f3 como estuvo su dif\u00edcil preparaci\u00f3n para llegar de la mejor manera a la cita mundialista: \u201cvengo de los \u00faltimos dos meses muy duros de preparaci\u00f3n. Despu\u00e9s del Sudamericano U20 estuve con lesiones en las rodillas, as\u00ed que tuve que hacer rehabilitaci\u00f3n. Me hubiera gustado haber entrenado a full esas seis semanas, pero estoy contento con el trabajo de recuperaci\u00f3n y llego en buena forma\u201d.<\/p>\n<p>Adem\u00e1s de Mondino, que intervendr\u00e1 en las pruebas de 100 y 200 metros, se encuentran Helen Bernard Stilling que participar\u00e1 en 100 y 400 c\/vallas, Carolina Scarponi que lo har\u00e1 en salto con garrocha, Isabel Conde de Frankenberg en 800 metros, Diego Perez G\u00fcercio en 110 c\/v. Juana Zuberbuhler en el relevo 4\u00d7400, Malena Galv\u00e1n que lo har\u00e1 en 400 llanos y en relevos, Giuliana Baigorria en lanzamiento de martillo.<\/p>\n<p>Todos ellos son acompa\u00f1ados por los entrenadores Victor Hugo Gomez, Julio Pi\u00f1ero, Marina Fernandez, Mar\u00eda Paz Schoeder y Ceferino Mondino.<\/p>\n<p>Los entrenamientos son realizados en las mismas magn\u00edficas instalaciones del Estadio de La Videna,\u00a0 sede del Mundial, y que cuenta adem\u00e1s de la pista principal con una pista auxiliar, gimnasios de musculaci\u00f3n y todas las instalaciones necesarias para el alto nivel atl\u00e9tico.<\/p>\n<p>Toma Mir\u00f3n y Manuel Juarez en el relevo 4\u00d7400 mixto, al igual que Celeste Maria Molina y Uriel Rodrtigo Mu\u00f1oz en 800 y 1500 metros, contin\u00faan con sus entrenamientos en Buenos Aires y en Cachi (Salta) para unirse posteriormente al grupo.<\/p>\n","protected":false},"excerpt":{"rendered":"<p>Parte de los atletas argentinos que participaran en el Mundial U-20 de Lima, ya se encuentran desde el domingo 18,<\/p>\n","protected":false},"author":2,"featured_media":50588,"comment_status":"closed","ping_status":"closed","sticky":false,"template":"","format":"standard","meta":{"footnotes":""},"categories":[7,24],"tags":[],"class_list":["post-50587","post","type-post","status-publish","format-standard","has-post-thumbnail","hentry","category-atletismo","category-noticias-destacadas"],"cc_featured_image_caption":{"caption_text":"FOTO CADA","source_text":"","source_url":""},"_links":{"self":[{"href":"https:\/\/todoapulmon-rafaela.com\/index.php\/wp-json\/wp\/v2\/posts\/50587"}],"collection":[{"href":"https:\/\/todoapulmon-rafaela.com\/index.php\/wp-json\/wp\/v2\/posts"}],"about":[{"href":"https:\/\/todoapulmon-rafaela.com\/index.php\/wp-json\/wp\/v2\/types\/post"}],"author":[{"embeddable":true,"href":"https:\/\/todoapulmon-rafaela.com\/index.php\/wp-json\/wp\/v2\/users\/2"}],"replies":[{"embeddable":true,"href":"https:\/\/todoapulmon-rafaela.com\/index.php\/wp-json\/wp\/v2\/comments?post=50587"}],"version-history":[{"count":1,"href":"https:\/\/todoapulmon-rafaela.com\/index.php\/wp-json\/wp\/v2\/posts\/50587\/revisions"}],"predecessor-version":[{"id":50589,"href":"https:\/\/todoapulmon-rafaela.com\/index.php\/wp-json\/wp\/v2\/posts\/50587\/revisions\/50589"}],"wp:featuredmedia":[{"embeddable":true,"href":"https:\/\/todoapulmon-rafaela.com\/index.php\/wp-json\/wp\/v2\/media\/50588"}],"wp:attachment":[{"href":"https:\/\/todoapulmon-rafaela.com\/index.php\/wp-json\/wp\/v2\/media?parent=50587"}],"wp:term":[{"taxonomy":"category","embeddable":true,"href":"https:\/\/todoapulmon-rafaela.com\/index.php\/wp-json\/wp\/v2\/categories?post=50587"},{"taxonomy":"post_tag","embeddable":true,"href":"https:\/\/todoapulmon-rafaela.com\/index.php\/wp-json\/wp\/v2\/tags?post=50587"}],"curies":[{"name":"wp","href":"https:\/\/api.w.org\/{rel}","templated":true}]}}