{"id":50532,"date":"2024-08-19T18:23:45","date_gmt":"2024-08-19T18:23:45","guid":{"rendered":"https:\/\/todoapulmon-rafaela.com\/?p=50532"},"modified":"2024-08-19T18:33:22","modified_gmt":"2024-08-19T18:33:22","slug":"tragico-fallecimiento-de-un-joven-ex-ciclista-rafaelino","status":"publish","type":"post","link":"https:\/\/todoapulmon-rafaela.com\/index.php\/2024\/08\/19\/tragico-fallecimiento-de-un-joven-ex-ciclista-rafaelino\/","title":{"rendered":"Tr\u00e1gico fallecimiento de un joven ex ciclista rafaelino"},"content":{"rendered":"<p>En la madrugada de este lunes se conoci\u00f3 la triste noticia de un fatal accidente vial en la Variante Rafaela, a la altura del km. 216 de la Ruta Nacional 34. Alrededor de las 4 am, un autom\u00f3vil Ford Ka colision\u00f3 desde atr\u00e1s contra un cami\u00f3n que se encontraba estacionado en la banquina y se prendi\u00f3 fuego.<\/p>\n<p>Con el paso de las horas, se conoci\u00f3 la identidad de la persona fallecida en el veh\u00edculo de menor porte: Ezequiel Reisch, de 21 a\u00f1os, ex ciclista que se form\u00f3 en el Club Ciclista de Rafaela, una dolorosa p\u00e9rdida para todos quienes compartieron momentos junto a \u00e9l.<\/p>\n<p>Ezequiel particip\u00f3 de varios campeonatos Argentinos tanto de pista como de ruta, como as\u00ed tambi\u00e9n en Juegos Evita, cumpliendo meritorias performances. Ya alejado de la bici luego de la pandemia, \u00faltimamente ten\u00eda como actividad deportiva al p\u00e1del. Adem\u00e1s era alumno de UCES Rafaela en la carrera de Licenciatura en Direcci\u00f3n de Negocios.<\/p>\n<p>Desde esta web enviamos a su familia y seres queridos nuestras condolencias, deseando pronta resignaci\u00f3n luego de esta dolorosa p\u00e9rdida.<\/p>\n","protected":false},"excerpt":{"rendered":"<p>En la madrugada de este lunes se conoci\u00f3 la triste noticia de un fatal accidente vial en la Variante Rafaela,<\/p>\n","protected":false},"author":2,"featured_media":50534,"comment_status":"closed","ping_status":"closed","sticky":false,"template":"","format":"standard","meta":{"footnotes":""},"categories":[4,24],"tags":[],"class_list":["post-50532","post","type-post","status-publish","format-standard","has-post-thumbnail","hentry","category-ciclismo","category-noticias-destacadas"],"cc_featured_image_caption":{"caption_text":"","source_text":"","source_url":""},"_links":{"self":[{"href":"https:\/\/todoapulmon-rafaela.com\/index.php\/wp-json\/wp\/v2\/posts\/50532"}],"collection":[{"href":"https:\/\/todoapulmon-rafaela.com\/index.php\/wp-json\/wp\/v2\/posts"}],"about":[{"href":"https:\/\/todoapulmon-rafaela.com\/index.php\/wp-json\/wp\/v2\/types\/post"}],"author":[{"embeddable":true,"href":"https:\/\/todoapulmon-rafaela.com\/index.php\/wp-json\/wp\/v2\/users\/2"}],"replies":[{"embeddable":true,"href":"https:\/\/todoapulmon-rafaela.com\/index.php\/wp-json\/wp\/v2\/comments?post=50532"}],"version-history":[{"count":5,"href":"https:\/\/todoapulmon-rafaela.com\/index.php\/wp-json\/wp\/v2\/posts\/50532\/revisions"}],"predecessor-version":[{"id":50538,"href":"https:\/\/todoapulmon-rafaela.com\/index.php\/wp-json\/wp\/v2\/posts\/50532\/revisions\/50538"}],"wp:featuredmedia":[{"embeddable":true,"href":"https:\/\/todoapulmon-rafaela.com\/index.php\/wp-json\/wp\/v2\/media\/50534"}],"wp:attachment":[{"href":"https:\/\/todoapulmon-rafaela.com\/index.php\/wp-json\/wp\/v2\/media?parent=50532"}],"wp:term":[{"taxonomy":"category","embeddable":true,"href":"https:\/\/todoapulmon-rafaela.com\/index.php\/wp-json\/wp\/v2\/categories?post=50532"},{"taxonomy":"post_tag","embeddable":true,"href":"https:\/\/todoapulmon-rafaela.com\/index.php\/wp-json\/wp\/v2\/tags?post=50532"}],"curies":[{"name":"wp","href":"https:\/\/api.w.org\/{rel}","templated":true}]}}