{"id":50436,"date":"2024-08-15T20:46:20","date_gmt":"2024-08-15T20:46:20","guid":{"rendered":"https:\/\/todoapulmon-rafaela.com\/?p=50436"},"modified":"2024-08-15T20:46:20","modified_gmt":"2024-08-15T20:46:20","slug":"el-toro-acuna-continuara-en-instituto","status":"publish","type":"post","link":"https:\/\/todoapulmon-rafaela.com\/index.php\/2024\/08\/15\/el-toro-acuna-continuara-en-instituto\/","title":{"rendered":"El \u00abToro\u00bb Acu\u00f1a continuar\u00e1 en Instituto"},"content":{"rendered":"<p>Instituto anunci\u00f3 la continuidad de Roberto Acu\u00f1a para la temporada 2024-2025. De esta manera, el p\u00edvot rafaelino se convertir\u00e1 en la quinta ficha mayor del plantel cordob\u00e9s que competir\u00e1 en la Liga Nacional y la Basketball Champions League \u00c1mericas.<\/p>\n<p>Acu\u00f1a lleg\u00f3 al club en agosto de 2023, proveniente de Ol\u00edmpico de La Banda, y form\u00f3 parte del equipo que consigui\u00f3 el primer titulo internacional de la Gloria (la Liga Sudamericana 2023) y que fue finalista de la \u00faltima Liga Nacional.<\/p>\n<p>\u201cAgradezco a las personas que confiaron m\u00ed, estoy muy contento de seguir en Instituto. Elijo quedarme en la Gloria porque quiero revancha. Tenemos muchos desaf\u00edos lindos y las expectativas son grandes. Voy a dar lo mejor de m\u00ed para el equipo y para dejar al club lo m\u00e1s arriba posible\u201d, expres\u00f3 el pivot rafaelino.<\/p>\n","protected":false},"excerpt":{"rendered":"<p>Instituto anunci\u00f3 la continuidad de Roberto Acu\u00f1a para la temporada 2024-2025. De esta manera, el p\u00edvot rafaelino se convertir\u00e1 en<\/p>\n","protected":false},"author":2,"featured_media":50437,"comment_status":"closed","ping_status":"closed","sticky":false,"template":"","format":"standard","meta":{"footnotes":""},"categories":[5],"tags":[],"class_list":["post-50436","post","type-post","status-publish","format-standard","has-post-thumbnail","hentry","category-basquet"],"cc_featured_image_caption":{"caption_text":"FOTO INSTITUTO OFICIAL","source_text":"","source_url":""},"_links":{"self":[{"href":"https:\/\/todoapulmon-rafaela.com\/index.php\/wp-json\/wp\/v2\/posts\/50436"}],"collection":[{"href":"https:\/\/todoapulmon-rafaela.com\/index.php\/wp-json\/wp\/v2\/posts"}],"about":[{"href":"https:\/\/todoapulmon-rafaela.com\/index.php\/wp-json\/wp\/v2\/types\/post"}],"author":[{"embeddable":true,"href":"https:\/\/todoapulmon-rafaela.com\/index.php\/wp-json\/wp\/v2\/users\/2"}],"replies":[{"embeddable":true,"href":"https:\/\/todoapulmon-rafaela.com\/index.php\/wp-json\/wp\/v2\/comments?post=50436"}],"version-history":[{"count":1,"href":"https:\/\/todoapulmon-rafaela.com\/index.php\/wp-json\/wp\/v2\/posts\/50436\/revisions"}],"predecessor-version":[{"id":50438,"href":"https:\/\/todoapulmon-rafaela.com\/index.php\/wp-json\/wp\/v2\/posts\/50436\/revisions\/50438"}],"wp:featuredmedia":[{"embeddable":true,"href":"https:\/\/todoapulmon-rafaela.com\/index.php\/wp-json\/wp\/v2\/media\/50437"}],"wp:attachment":[{"href":"https:\/\/todoapulmon-rafaela.com\/index.php\/wp-json\/wp\/v2\/media?parent=50436"}],"wp:term":[{"taxonomy":"category","embeddable":true,"href":"https:\/\/todoapulmon-rafaela.com\/index.php\/wp-json\/wp\/v2\/categories?post=50436"},{"taxonomy":"post_tag","embeddable":true,"href":"https:\/\/todoapulmon-rafaela.com\/index.php\/wp-json\/wp\/v2\/tags?post=50436"}],"curies":[{"name":"wp","href":"https:\/\/api.w.org\/{rel}","templated":true}]}}