{"id":50423,"date":"2024-08-15T15:25:43","date_gmt":"2024-08-15T15:25:43","guid":{"rendered":"https:\/\/todoapulmon-rafaela.com\/?p=50423"},"modified":"2024-08-15T15:43:00","modified_gmt":"2024-08-15T15:43:00","slug":"mondino-y-la-seleccion-u20-rumbo-al-mundial","status":"publish","type":"post","link":"https:\/\/todoapulmon-rafaela.com\/index.php\/2024\/08\/15\/mondino-y-la-seleccion-u20-rumbo-al-mundial\/","title":{"rendered":"Mondino y la selecci\u00f3n U20 rumbo al Mundial"},"content":{"rendered":"<p>La CADA ha designado la delegaci\u00f3n nacional que participar\u00e1 en el XX\u00b0 Campeonato Mundial U-20 en Lima (Per\u00fa) a realizarse en el estadio de La Videna entre el 27 y el 31 de agosto, donde estar\u00e1 presente el rafaelino Tom\u00e1s Mondino en las pruebas de 100 y 200 metros llanos.<\/p>\n<p>Este ser\u00e1 el tercer Mundial de la categor\u00eda para el velocista rafaelino, tras sus anteriores participaciones en Nairobi, Kenia 2021 y Cali, Colombia 2022. Tomy estuvo realizando la puesta a punto en Brasil con su entrenador y en Buenos Aires, tratando de estar en plenitud luego de una lesi\u00f3n que no le permiti\u00f3 estar al cien por cien en el Sudamericano de la categor\u00eda, realizado tambi\u00e9n en esa pista peruana, el mes pasado.<\/p>\n<p>Como lindo recuerdo, cabe mencionar que en el mundial de Kenia de hace tres a\u00f1os, Mondino compiti\u00f3 con Letsile Tebogo, el atleta de Bostwana que la semana pasada logr\u00f3 la medalla de oro ol\u00edmpica en Par\u00eds en los 200 metros llanos.<\/p>\n<p>De acuerdo a las normas World Athletics para esta categor\u00eda pueden participar todos aquellos atletas que hayan logrado las marcas mininas establecidas. En el caso de los relevos pueden hacerlo aquellos pa\u00edses cuyas cuartetas se encuentran en los primeros 24 lugares del ranking mundial en igual periodo.<\/p>\n<p>Como producto del sistema de clasificaci\u00f3n Argentina ha logrado registrar 8 atletas en pruebas individuales y los relevo 4\u00d7400 de mujeres y 4\u00d7400 mixtos. La CADA de acuerdo a lo aconsejado por el \u00e1rea t\u00e9cnica y en base a la experiencias anteriores, ha programado un \u201cCampus de Adaptaci\u00f3n en el Complejo Deportivo de La Videna\u201d entre el 18 y el 25 de agosto.<\/p>\n<p>El atleta Uriel Rodrigo Mu\u00f1oz, no participar\u00e1 en el Campus de La Videna y si har\u00e1 un periodo de entrenamiento de altura en Cachi, como tradicionalmente lo vienen realizando los atletas de medio fondo y fondo, partiendo a Lima el d\u00eda 25 del corriente junto a integrantes del relevo mixto, \u00faltimo en clasificarse.<\/p>\n<p><img loading=\"lazy\" decoding=\"async\" class=\"alignnone size-full wp-image-50424\" src=\"https:\/\/todoapulmon-rafaela.com\/wp-content\/uploads\/2024\/08\/Mundialistas-U20.webp\" alt=\"\" width=\"270\" height=\"300\" \/><\/p>\n<p>La delegaci\u00f3n partir\u00e1 desde el aeroparque de Buenos Aires el d\u00eda 18 de agostos a las 18.50 y regresar\u00e1n el d\u00eda 2 de septiembre a las 05.00 tambi\u00e9n a aeroparque.<\/p>\n<p>Todo este programa es solventado por el ENARD mayoritariamente y complementado por la CADA, de acuerdo a las previsiones aprobados oportunamente y con aportes personales en algunos casos.<\/p>\n","protected":false},"excerpt":{"rendered":"<p>La CADA ha designado la delegaci\u00f3n nacional que participar\u00e1 en el XX\u00b0 Campeonato Mundial U-20 en Lima (Per\u00fa) a realizarse<\/p>\n","protected":false},"author":2,"featured_media":50426,"comment_status":"closed","ping_status":"closed","sticky":false,"template":"","format":"standard","meta":{"footnotes":""},"categories":[7,24],"tags":[],"class_list":["post-50423","post","type-post","status-publish","format-standard","has-post-thumbnail","hentry","category-atletismo","category-noticias-destacadas"],"cc_featured_image_caption":{"caption_text":"Recuerdo del Mundial U20 de Kenia 2021. Tomy Mondino junto a Letsile Tebogo, reciente campe\u00f3n ol\u00edmpico de 200 metros.","source_text":"","source_url":""},"_links":{"self":[{"href":"https:\/\/todoapulmon-rafaela.com\/index.php\/wp-json\/wp\/v2\/posts\/50423"}],"collection":[{"href":"https:\/\/todoapulmon-rafaela.com\/index.php\/wp-json\/wp\/v2\/posts"}],"about":[{"href":"https:\/\/todoapulmon-rafaela.com\/index.php\/wp-json\/wp\/v2\/types\/post"}],"author":[{"embeddable":true,"href":"https:\/\/todoapulmon-rafaela.com\/index.php\/wp-json\/wp\/v2\/users\/2"}],"replies":[{"embeddable":true,"href":"https:\/\/todoapulmon-rafaela.com\/index.php\/wp-json\/wp\/v2\/comments?post=50423"}],"version-history":[{"count":3,"href":"https:\/\/todoapulmon-rafaela.com\/index.php\/wp-json\/wp\/v2\/posts\/50423\/revisions"}],"predecessor-version":[{"id":50429,"href":"https:\/\/todoapulmon-rafaela.com\/index.php\/wp-json\/wp\/v2\/posts\/50423\/revisions\/50429"}],"wp:featuredmedia":[{"embeddable":true,"href":"https:\/\/todoapulmon-rafaela.com\/index.php\/wp-json\/wp\/v2\/media\/50426"}],"wp:attachment":[{"href":"https:\/\/todoapulmon-rafaela.com\/index.php\/wp-json\/wp\/v2\/media?parent=50423"}],"wp:term":[{"taxonomy":"category","embeddable":true,"href":"https:\/\/todoapulmon-rafaela.com\/index.php\/wp-json\/wp\/v2\/categories?post=50423"},{"taxonomy":"post_tag","embeddable":true,"href":"https:\/\/todoapulmon-rafaela.com\/index.php\/wp-json\/wp\/v2\/tags?post=50423"}],"curies":[{"name":"wp","href":"https:\/\/api.w.org\/{rel}","templated":true}]}}