{"id":50391,"date":"2024-08-14T11:01:27","date_gmt":"2024-08-14T11:01:27","guid":{"rendered":"https:\/\/todoapulmon-rafaela.com\/?p=50391"},"modified":"2024-08-14T11:41:43","modified_gmt":"2024-08-14T11:41:43","slug":"santino-valler-seleccionado-para-el-mundial-2025","status":"publish","type":"post","link":"https:\/\/todoapulmon-rafaela.com\/index.php\/2024\/08\/14\/santino-valler-seleccionado-para-el-mundial-2025\/","title":{"rendered":"Santino Valler en el preseleccionado para el Mundial 2025"},"content":{"rendered":"<p>El juvenil taekwondista Santino Valler estuvo participando en los \u00faltimos d\u00edas de un evaluativo realizado en Buenos Aires.<\/p>\n<p>La selecci\u00f3n se hizo de cara al Mundial de Croacia en 2025 y el rafaelino, representante del Club Pe\u00f1arol, integra el representativo nacional en la categor\u00eda de 14 a 17 a\u00f1os.<\/p>\n<p><img loading=\"lazy\" decoding=\"async\" class=\"alignnone size-full wp-image-50397\" src=\"https:\/\/todoapulmon-rafaela.com\/wp-content\/uploads\/2024\/08\/IMG_20240814_075640_304.jpg\" alt=\"\" width=\"828\" height=\"1472\" srcset=\"https:\/\/todoapulmon-rafaela.com\/wp-content\/uploads\/2024\/08\/IMG_20240814_075640_304.jpg 828w, https:\/\/todoapulmon-rafaela.com\/wp-content\/uploads\/2024\/08\/IMG_20240814_075640_304-169x300.jpg 169w\" sizes=\"(max-width: 828px) 100vw, 828px\" \/><\/p>\n","protected":false},"excerpt":{"rendered":"<p>El juvenil taekwondista Santino Valler estuvo participando en los \u00faltimos d\u00edas de un evaluativo realizado en Buenos Aires. La selecci\u00f3n<\/p>\n","protected":false},"author":2,"featured_media":50396,"comment_status":"closed","ping_status":"closed","sticky":false,"template":"","format":"standard","meta":{"footnotes":""},"categories":[18],"tags":[],"class_list":["post-50391","post","type-post","status-publish","format-standard","has-post-thumbnail","hentry","category-artes-marciales"],"cc_featured_image_caption":{"caption_text":"","source_text":"","source_url":""},"_links":{"self":[{"href":"https:\/\/todoapulmon-rafaela.com\/index.php\/wp-json\/wp\/v2\/posts\/50391"}],"collection":[{"href":"https:\/\/todoapulmon-rafaela.com\/index.php\/wp-json\/wp\/v2\/posts"}],"about":[{"href":"https:\/\/todoapulmon-rafaela.com\/index.php\/wp-json\/wp\/v2\/types\/post"}],"author":[{"embeddable":true,"href":"https:\/\/todoapulmon-rafaela.com\/index.php\/wp-json\/wp\/v2\/users\/2"}],"replies":[{"embeddable":true,"href":"https:\/\/todoapulmon-rafaela.com\/index.php\/wp-json\/wp\/v2\/comments?post=50391"}],"version-history":[{"count":4,"href":"https:\/\/todoapulmon-rafaela.com\/index.php\/wp-json\/wp\/v2\/posts\/50391\/revisions"}],"predecessor-version":[{"id":50401,"href":"https:\/\/todoapulmon-rafaela.com\/index.php\/wp-json\/wp\/v2\/posts\/50391\/revisions\/50401"}],"wp:featuredmedia":[{"embeddable":true,"href":"https:\/\/todoapulmon-rafaela.com\/index.php\/wp-json\/wp\/v2\/media\/50396"}],"wp:attachment":[{"href":"https:\/\/todoapulmon-rafaela.com\/index.php\/wp-json\/wp\/v2\/media?parent=50391"}],"wp:term":[{"taxonomy":"category","embeddable":true,"href":"https:\/\/todoapulmon-rafaela.com\/index.php\/wp-json\/wp\/v2\/categories?post=50391"},{"taxonomy":"post_tag","embeddable":true,"href":"https:\/\/todoapulmon-rafaela.com\/index.php\/wp-json\/wp\/v2\/tags?post=50391"}],"curies":[{"name":"wp","href":"https:\/\/api.w.org\/{rel}","templated":true}]}}