{"id":50300,"date":"2024-08-10T18:20:54","date_gmt":"2024-08-10T18:20:54","guid":{"rendered":"https:\/\/todoapulmon-rafaela.com\/?p=50300"},"modified":"2024-08-10T18:20:54","modified_gmt":"2024-08-10T18:20:54","slug":"dos-rafaelinas-de-seleccion-rumbo-a-africa","status":"publish","type":"post","link":"https:\/\/todoapulmon-rafaela.com\/index.php\/2024\/08\/10\/dos-rafaelinas-de-seleccion-rumbo-a-africa\/","title":{"rendered":"Dos rafaelinas de selecci\u00f3n rumbo a Africa"},"content":{"rendered":"<p>Luego de intensas sesiones de entrenamientos, la planificaci\u00f3n de varios amistosos y de un minucioso an\u00e1lisis por parte del cuerpo t\u00e9cnico, se confirm\u00f3 la n\u00f3mina de 12 jugadoras de la selecci\u00f3n nacional femenina de b\u00e1squet que participar\u00e1n del Preclasificatorio a la Copa del Mundo 2026, a llevarse a cabo en Ruanda, y del Sudamericano de Mayores en Chile.<\/p>\n<p>El plantel estar\u00e1 conformado por las dos rafaelinas convocadas: Melisa Gretter (capitana) y Candela Gentinetta. Tambi\u00e9n ser\u00e1n parte del equipo Agostina Burani, Julieta Mungo, Amaiquen Siciliano, Diana Cabrera, Gisel Botta, Florencia Mart\u00ednez, Florencia Chagas, Delfina Saravia, Macarena D&#8217;urso y Victoria Gauna. Los cortes durante el proceso fueron los de Agustina Marin y de Dalma Piri, junto a la desafecci\u00f3n de Andrea Boquete por no contar con las autorizaciones correspondientes por parte de su club.<\/p>\n<p>Durante la concentraci\u00f3n en la Ciudad de Buenos Aires, Alma Bourgarel, Natassja Kolff y Nerea Lagowski se incorporaron a los entrenamientos como juveniles invitadas con el prop\u00f3sito de integrarse y adquirir mayor rodaje con la mayor.<\/p>\n<p>En relaci\u00f3n con la AmeriCup de M\u00e9xico 2023, se repite el 50% de los nombres con Gretter, Burani, D\u00b4Urso, Mungo, Gentinetta y Chagas. En cuanto a la presencia nacional en los Juegos Panamericanos de Chile 2023, la plantilla conserva las figuras de Saravia, de Gentinetta y de Gauna. La convocatoria tambi\u00e9n marca el debut con la Mayor de Botta, Mart\u00ednez y de Siciliano.<\/p>\n<p><img loading=\"lazy\" decoding=\"async\" class=\"alignnone size-full wp-image-50302\" src=\"https:\/\/todoapulmon-rafaela.com\/wp-content\/uploads\/2024\/08\/Gretter-sele.jpg\" alt=\"\" width=\"1440\" height=\"1800\" srcset=\"https:\/\/todoapulmon-rafaela.com\/wp-content\/uploads\/2024\/08\/Gretter-sele.jpg 1440w, https:\/\/todoapulmon-rafaela.com\/wp-content\/uploads\/2024\/08\/Gretter-sele-240x300.jpg 240w, https:\/\/todoapulmon-rafaela.com\/wp-content\/uploads\/2024\/08\/Gretter-sele-1200x1500.jpg 1200w, https:\/\/todoapulmon-rafaela.com\/wp-content\/uploads\/2024\/08\/Gretter-sele-1229x1536.jpg 1229w\" sizes=\"(max-width: 1440px) 100vw, 1440px\" \/><\/p>\n<p>La Selecci\u00f3n tendr\u00e1 su presentaci\u00f3n inaugural el lunes 19 de agosto a las 12hs (hora Argentina) ante Gran Breta\u00f1a. El mi\u00e9rcoles 21 ser\u00e1 rival del anfitri\u00f3n, mientras que al d\u00eda siguiente concluir\u00e1 la fase de grupos ante el selectivo del L\u00edbano. En el otro cuadro del certamen estar\u00e1n los combinados de Brasil, Hungr\u00eda, Senegal y Filipinas. El ganador obtendr\u00e1 su plaza para los torneos clasificatorios con fecha en marzo de 2026.<\/p>\n<p>En lo que respecta al Sudamericano de Mayores, la cita ser\u00e1 del 31 de agosto al 7 de septiembre en la ciudad de Santiago de Chile. Las chicas abrir\u00e1n el Grupo A con el cl\u00e1sico regional frente a Brasil, el lunes 2 ser\u00e1 el turno de Uruguay, el martes 3 se medir\u00e1 con Bolivia, para cerrar la fase regular contra el combinado organizador. Los tres mejores garantizar\u00e1n su lugar en la AmeriCup de 2025, junto a Chile por ser sede de la competici\u00f3n continental.<\/p>\n<p><img loading=\"lazy\" decoding=\"async\" class=\"alignnone size-full wp-image-50303\" src=\"https:\/\/todoapulmon-rafaela.com\/wp-content\/uploads\/2024\/08\/Gentinetta-Cande-sele.jpg\" alt=\"\" width=\"1440\" height=\"1800\" srcset=\"https:\/\/todoapulmon-rafaela.com\/wp-content\/uploads\/2024\/08\/Gentinetta-Cande-sele.jpg 1440w, https:\/\/todoapulmon-rafaela.com\/wp-content\/uploads\/2024\/08\/Gentinetta-Cande-sele-240x300.jpg 240w, https:\/\/todoapulmon-rafaela.com\/wp-content\/uploads\/2024\/08\/Gentinetta-Cande-sele-1200x1500.jpg 1200w, https:\/\/todoapulmon-rafaela.com\/wp-content\/uploads\/2024\/08\/Gentinetta-Cande-sele-1229x1536.jpg 1229w\" sizes=\"(max-width: 1440px) 100vw, 1440px\" \/><\/p>\n<p><strong>SELECCI\u00d3N ARGENTINA DE MAYORES<\/strong><br \/>\n#3 Julieta Mungo<br \/>\n#4 Amaiquen Siciliano<br \/>\n#5 Florencia Mart\u00ednez<br \/>\n#7 Diana Cabrera<br \/>\n#10 Agostina Burani<br \/>\n<strong>#11 Melisa Gretter<\/strong><br \/>\n#12 Gisel Botta<br \/>\n<strong>#13 Candela Gentinetta<\/strong><br \/>\n#14 Florencia Chagas<br \/>\n#19 Delfina Saravia<br \/>\n#20 Macarena D\u00b4Urso<br \/>\n#23 Victoria Gauna<\/p>\n<p><strong>STAFF<\/strong><br \/>\nHead Coach: Gregorio Mart\u00ednez<br \/>\nAsistente: Gonzalo P\u00e9rez<br \/>\nAsistente: Roc\u00edo P\u00e9rez<br \/>\nPreparador F\u00edsico: Mat\u00edas Podesta<br \/>\nKinesi\u00f3logo: Ariel Machado<br \/>\nM\u00e9dica: Mar\u00eda Alejandra Valdez<br \/>\nUtilero: Luciano Salgueiro<br \/>\nTeam Manager: Hern\u00e1n Tettamanti<\/p>\n<p><strong>FIXTURE &#8211; PRECLASIFICATORIO COPA DEL MUNDO 2026<\/strong><br \/>\nLunes 19\/08 &#8211; 12.00hs &#8211; Gran Breta\u00f1a vs Argentina<br \/>\nMi\u00e9rcoles 21\/08 &#8211; 15.00hs &#8211; Argentina vs Ruanda<br \/>\nJueves 22\/08 &#8211; 12.00hs &#8211; Argentina vs L\u00edbano<br \/>\nS\u00e1bado 24\/08: Semifinal<br \/>\nDomingo 25\/08: Final<\/p>\n<p><strong>FIXTURE &#8211; CAMPEONATO SUDAMERICANO DE MAYORES<\/strong><br \/>\nS\u00e1bado 31\/08 &#8211; 18.30hs &#8211; Brasil vs Argentina<br \/>\nL\u00fanes 2\/09 &#8211; 21.00hs &#8211; Argentina vs Uruguay<br \/>\nMartes 3\/09 &#8211; 18.30hs &#8211; Bolivia vs Argentina<br \/>\nMi\u00e9rcoles 4\/09 &#8211; 21.00hs &#8211; Argentina vs Chile<br \/>\nViernes 6\/09: Semifinal<br \/>\nS\u00e1bado 7\/09: Final.<\/p>\n<p>Fuente: prensa CAB.<\/p>\n","protected":false},"excerpt":{"rendered":"<p>Luego de intensas sesiones de entrenamientos, la planificaci\u00f3n de varios amistosos y de un minucioso an\u00e1lisis por parte del cuerpo<\/p>\n","protected":false},"author":2,"featured_media":50301,"comment_status":"closed","ping_status":"closed","sticky":false,"template":"","format":"standard","meta":{"footnotes":""},"categories":[5,24],"tags":[],"class_list":["post-50300","post","type-post","status-publish","format-standard","has-post-thumbnail","hentry","category-basquet","category-noticias-destacadas"],"cc_featured_image_caption":{"caption_text":"PRENSA CAB","source_text":"","source_url":""},"_links":{"self":[{"href":"https:\/\/todoapulmon-rafaela.com\/index.php\/wp-json\/wp\/v2\/posts\/50300"}],"collection":[{"href":"https:\/\/todoapulmon-rafaela.com\/index.php\/wp-json\/wp\/v2\/posts"}],"about":[{"href":"https:\/\/todoapulmon-rafaela.com\/index.php\/wp-json\/wp\/v2\/types\/post"}],"author":[{"embeddable":true,"href":"https:\/\/todoapulmon-rafaela.com\/index.php\/wp-json\/wp\/v2\/users\/2"}],"replies":[{"embeddable":true,"href":"https:\/\/todoapulmon-rafaela.com\/index.php\/wp-json\/wp\/v2\/comments?post=50300"}],"version-history":[{"count":1,"href":"https:\/\/todoapulmon-rafaela.com\/index.php\/wp-json\/wp\/v2\/posts\/50300\/revisions"}],"predecessor-version":[{"id":50304,"href":"https:\/\/todoapulmon-rafaela.com\/index.php\/wp-json\/wp\/v2\/posts\/50300\/revisions\/50304"}],"wp:featuredmedia":[{"embeddable":true,"href":"https:\/\/todoapulmon-rafaela.com\/index.php\/wp-json\/wp\/v2\/media\/50301"}],"wp:attachment":[{"href":"https:\/\/todoapulmon-rafaela.com\/index.php\/wp-json\/wp\/v2\/media?parent=50300"}],"wp:term":[{"taxonomy":"category","embeddable":true,"href":"https:\/\/todoapulmon-rafaela.com\/index.php\/wp-json\/wp\/v2\/categories?post=50300"},{"taxonomy":"post_tag","embeddable":true,"href":"https:\/\/todoapulmon-rafaela.com\/index.php\/wp-json\/wp\/v2\/tags?post=50300"}],"curies":[{"name":"wp","href":"https:\/\/api.w.org\/{rel}","templated":true}]}}