{"id":50296,"date":"2024-08-10T17:53:11","date_gmt":"2024-08-10T17:53:11","guid":{"rendered":"https:\/\/todoapulmon-rafaela.com\/?p=50296"},"modified":"2024-08-10T17:59:09","modified_gmt":"2024-08-10T17:59:09","slug":"franco-ribero-campeon-en-dobles-del-m15-de-rumania","status":"publish","type":"post","link":"https:\/\/todoapulmon-rafaela.com\/index.php\/2024\/08\/10\/franco-ribero-campeon-en-dobles-del-m15-de-rumania\/","title":{"rendered":"Franco Ribero campe\u00f3n en dobles del M15 de Rumania"},"content":{"rendered":"<p>Buena semana para Franco Ribero en Rumania. El tenista rafaelino, junto al tambi\u00e9n argentino Valent\u00edn Basel, ganaron este s\u00e1bado el torneo en dobles del M15 de Curtea de Arges, sobre canchas lentas.<\/p>\n<p>Los resultados a lo largo del certamen fuero estos:<\/p>\n<p><strong>Primera ronda:<\/strong> vs. Joel Lucero &#8211; Rayane Oumauche (Argentina &#8211; Francia) 7-6 y 6-4.<\/p>\n<p><strong>Cuartos de final:<\/strong> vs. Aleksander Chaika &#8211; Samuel Puskar (Eslovaquia) 6-2 y 6-4.<\/p>\n<p><strong>Semifinal:<\/strong> vs. C\u00e9sar Papoe &#8211; Radu Papoe (Rumania) 6-4 y 6-4.<\/p>\n<p><strong>Final:<\/strong> \u00a0vs. Francesco Ferrari &#8211; Federico Valle 6-2 y 6-2.<\/p>\n","protected":false},"excerpt":{"rendered":"<p>Buena semana para Franco Ribero en Rumania. El tenista rafaelino, junto al tambi\u00e9n argentino Valent\u00edn Basel, ganaron este s\u00e1bado el<\/p>\n","protected":false},"author":2,"featured_media":50297,"comment_status":"closed","ping_status":"closed","sticky":false,"template":"","format":"standard","meta":{"footnotes":""},"categories":[24,6],"tags":[],"class_list":["post-50296","post","type-post","status-publish","format-standard","has-post-thumbnail","hentry","category-noticias-destacadas","category-tenis"],"cc_featured_image_caption":{"caption_text":"","source_text":"","source_url":""},"_links":{"self":[{"href":"https:\/\/todoapulmon-rafaela.com\/index.php\/wp-json\/wp\/v2\/posts\/50296"}],"collection":[{"href":"https:\/\/todoapulmon-rafaela.com\/index.php\/wp-json\/wp\/v2\/posts"}],"about":[{"href":"https:\/\/todoapulmon-rafaela.com\/index.php\/wp-json\/wp\/v2\/types\/post"}],"author":[{"embeddable":true,"href":"https:\/\/todoapulmon-rafaela.com\/index.php\/wp-json\/wp\/v2\/users\/2"}],"replies":[{"embeddable":true,"href":"https:\/\/todoapulmon-rafaela.com\/index.php\/wp-json\/wp\/v2\/comments?post=50296"}],"version-history":[{"count":2,"href":"https:\/\/todoapulmon-rafaela.com\/index.php\/wp-json\/wp\/v2\/posts\/50296\/revisions"}],"predecessor-version":[{"id":50299,"href":"https:\/\/todoapulmon-rafaela.com\/index.php\/wp-json\/wp\/v2\/posts\/50296\/revisions\/50299"}],"wp:featuredmedia":[{"embeddable":true,"href":"https:\/\/todoapulmon-rafaela.com\/index.php\/wp-json\/wp\/v2\/media\/50297"}],"wp:attachment":[{"href":"https:\/\/todoapulmon-rafaela.com\/index.php\/wp-json\/wp\/v2\/media?parent=50296"}],"wp:term":[{"taxonomy":"category","embeddable":true,"href":"https:\/\/todoapulmon-rafaela.com\/index.php\/wp-json\/wp\/v2\/categories?post=50296"},{"taxonomy":"post_tag","embeddable":true,"href":"https:\/\/todoapulmon-rafaela.com\/index.php\/wp-json\/wp\/v2\/tags?post=50296"}],"curies":[{"name":"wp","href":"https:\/\/api.w.org\/{rel}","templated":true}]}}