{"id":5015,"date":"2017-03-13T20:10:14","date_gmt":"2017-03-13T20:10:14","guid":{"rendered":"http:\/\/todoapulmon-rafaela.com\/?p=5015"},"modified":"2017-03-13T20:10:14","modified_gmt":"2017-03-13T20:10:14","slug":"mejores-marcas-personales-para-kloster-y-real","status":"publish","type":"post","link":"https:\/\/todoapulmon-rafaela.com\/index.php\/2017\/03\/13\/mejores-marcas-personales-para-kloster-y-real\/","title":{"rendered":"Mejores marcas personales para Kloster y Real"},"content":{"rendered":"<div>Este fin de semana una delegaci\u00f3n de atletas del Centro de Educaci\u00f3n F\u00edsica N\u00ba 53 tom\u00f3 parte, fuera de prueba, del Campeonato Provincial U20 cordob\u00e9s realizado en el complejo del estadio \u00abMario Alberto Kempes\u00bb, en el inicio de las competencias de pista.<\/div>\n<div>El grupo a cargo del entrenador Ariel Magallanes le sac\u00f3 el jugo a la invitaci\u00f3n de la Federaci\u00f3n Cordobesa, en especial con la gran actuaci\u00f3n de las marchistas.<\/div>\n<div>Sof\u00eca Kloster y Camila Real consiguieron sus mejores registros personales. Sofi estableci\u00f3 52m22s en los 10.000 metros, bajando casi 4 minutos su anterior marca, que era de 56m14s. Luego de dos a\u00f1os, haber mejorado ese \u00edndice es un gran aliciente en el comienzo de la temporada, con parciales de 2m05s la vuelta que sorprendieron gratamente tomando en cuenta que est\u00e1 arrancando el a\u00f1o deportivo.<\/div>\n<div>Por su parte, Camila continu\u00f3 con su paulatina evoluci\u00f3n. March\u00f3 en 25m33s los 5.000 metros, recordando que su mejor marca era de 27m45s. Casi dos minutos de diferencia que tambi\u00e9n fue muy meritorio, tomando en cuenta que recorre la mitad de la distancia en relaci\u00f3n a Kloster.<\/div>\n<div>Asimismo, el tambi\u00e9n marchista Juan Campos arranc\u00f3 el a\u00f1o en 56m los 10.000 metros, mientras que particip\u00f3 Gonzalo Mena en 800 y 1.500 metros, con tiempos cercanos a sus mejores marcas personales.<\/div>\n<div>El fin de semana habr\u00e1 un torneo en Rosario y posteriormente el CEF 53 participar\u00e1 del Grand Prix Sudamericano en Uruguay.<\/div>\n","protected":false},"excerpt":{"rendered":"<p>Este fin de semana una delegaci\u00f3n de atletas del Centro de Educaci\u00f3n F\u00edsica N\u00ba 53 tom\u00f3 parte, fuera de prueba,<\/p>\n","protected":false},"author":2,"featured_media":5006,"comment_status":"open","ping_status":"open","sticky":false,"template":"","format":"standard","meta":{"footnotes":""},"categories":[7,24],"tags":[],"class_list":["post-5015","post","type-post","status-publish","format-standard","has-post-thumbnail","hentry","category-atletismo","category-noticias-destacadas"],"cc_featured_image_caption":{"caption_text":"Camila Real y Sof\u00eca Kloster con el entrenador Ariel Magallanes en la pista del \"Kempes\".","source_text":"","source_url":""},"_links":{"self":[{"href":"https:\/\/todoapulmon-rafaela.com\/index.php\/wp-json\/wp\/v2\/posts\/5015"}],"collection":[{"href":"https:\/\/todoapulmon-rafaela.com\/index.php\/wp-json\/wp\/v2\/posts"}],"about":[{"href":"https:\/\/todoapulmon-rafaela.com\/index.php\/wp-json\/wp\/v2\/types\/post"}],"author":[{"embeddable":true,"href":"https:\/\/todoapulmon-rafaela.com\/index.php\/wp-json\/wp\/v2\/users\/2"}],"replies":[{"embeddable":true,"href":"https:\/\/todoapulmon-rafaela.com\/index.php\/wp-json\/wp\/v2\/comments?post=5015"}],"version-history":[{"count":1,"href":"https:\/\/todoapulmon-rafaela.com\/index.php\/wp-json\/wp\/v2\/posts\/5015\/revisions"}],"predecessor-version":[{"id":5016,"href":"https:\/\/todoapulmon-rafaela.com\/index.php\/wp-json\/wp\/v2\/posts\/5015\/revisions\/5016"}],"wp:featuredmedia":[{"embeddable":true,"href":"https:\/\/todoapulmon-rafaela.com\/index.php\/wp-json\/wp\/v2\/media\/5006"}],"wp:attachment":[{"href":"https:\/\/todoapulmon-rafaela.com\/index.php\/wp-json\/wp\/v2\/media?parent=5015"}],"wp:term":[{"taxonomy":"category","embeddable":true,"href":"https:\/\/todoapulmon-rafaela.com\/index.php\/wp-json\/wp\/v2\/categories?post=5015"},{"taxonomy":"post_tag","embeddable":true,"href":"https:\/\/todoapulmon-rafaela.com\/index.php\/wp-json\/wp\/v2\/tags?post=5015"}],"curies":[{"name":"wp","href":"https:\/\/api.w.org\/{rel}","templated":true}]}}