{"id":501,"date":"2016-04-22T12:41:19","date_gmt":"2016-04-22T12:41:19","guid":{"rendered":"http:\/\/todoapulmon-rafaela.com\/?p=501"},"modified":"2016-04-22T12:41:19","modified_gmt":"2016-04-22T12:41:19","slug":"almagro-regresa-a-la-interliga-masculina","status":"publish","type":"post","link":"https:\/\/todoapulmon-rafaela.com\/index.php\/2016\/04\/22\/almagro-regresa-a-la-interliga-masculina\/","title":{"rendered":"Almagro regresa a la Interliga masculina"},"content":{"rendered":"<p>Este s\u00e1bado, desde las 16, Almagro regresar\u00e1 oficialmente a la Interliga de Voley Masculino, el certamen de primera divisi\u00f3n que nuclea a equipos de las Asociaciones Rafaelina y Oeste Santafesino. El representativo de calle Garibaldi recibir\u00e1, desde las 16, a Uni\u00f3n de San Guillermo, uno de los clubes invitados en esta temporada a la competencia, por la primera fecha del torneo.<br \/>\nLa escuadra dirigida por Pablo Colsani presentar\u00e1 un equipo con jugadores de experiencia en el certamen, buscando un buen protagonismo y consolidar la pr\u00e1ctica del voley masculino en la instituci\u00f3n, luego de algunas temporadas donde no particip\u00f3 del torneo.<br \/>\nTAMBIEN JUEGA 9 DE JULIO<br \/>\nAl cabo del partido, en el mismo gimnasio, 9 de Julio har\u00e1 las veces de local ante Uni\u00f3n de San Guillermo, ya que est\u00e1 ocupado el Sal\u00f3n Centenario. Recordemos que los clubes visitantes, para abaratar costos de traslado, tratan de hacer doble jornada en sus presentaciones.<br \/>\nEl equipo dirigido por Adriana C\u00e1mara presentar\u00e1 algunos cambios en relaci\u00f3n a la temporada pasada, habiendo incorporado un grupo de j\u00f3venes que viene trabajando desde hace algunos a\u00f1os en el Club.<\/p>\n","protected":false},"excerpt":{"rendered":"<p>Este s\u00e1bado, desde las 16, Almagro regresar\u00e1 oficialmente a la Interliga de Voley Masculino, el certamen de primera divisi\u00f3n que<\/p>\n","protected":false},"author":2,"featured_media":502,"comment_status":"open","ping_status":"open","sticky":false,"template":"","format":"standard","meta":{"footnotes":""},"categories":[16],"tags":[],"class_list":["post-501","post","type-post","status-publish","format-standard","has-post-thumbnail","hentry","category-voley"],"cc_featured_image_caption":{"caption_text":"Almagro enfrentar\u00e1 a Uni\u00f3n de San Guillermo.","source_text":"","source_url":""},"_links":{"self":[{"href":"https:\/\/todoapulmon-rafaela.com\/index.php\/wp-json\/wp\/v2\/posts\/501"}],"collection":[{"href":"https:\/\/todoapulmon-rafaela.com\/index.php\/wp-json\/wp\/v2\/posts"}],"about":[{"href":"https:\/\/todoapulmon-rafaela.com\/index.php\/wp-json\/wp\/v2\/types\/post"}],"author":[{"embeddable":true,"href":"https:\/\/todoapulmon-rafaela.com\/index.php\/wp-json\/wp\/v2\/users\/2"}],"replies":[{"embeddable":true,"href":"https:\/\/todoapulmon-rafaela.com\/index.php\/wp-json\/wp\/v2\/comments?post=501"}],"version-history":[{"count":1,"href":"https:\/\/todoapulmon-rafaela.com\/index.php\/wp-json\/wp\/v2\/posts\/501\/revisions"}],"predecessor-version":[{"id":503,"href":"https:\/\/todoapulmon-rafaela.com\/index.php\/wp-json\/wp\/v2\/posts\/501\/revisions\/503"}],"wp:featuredmedia":[{"embeddable":true,"href":"https:\/\/todoapulmon-rafaela.com\/index.php\/wp-json\/wp\/v2\/media\/502"}],"wp:attachment":[{"href":"https:\/\/todoapulmon-rafaela.com\/index.php\/wp-json\/wp\/v2\/media?parent=501"}],"wp:term":[{"taxonomy":"category","embeddable":true,"href":"https:\/\/todoapulmon-rafaela.com\/index.php\/wp-json\/wp\/v2\/categories?post=501"},{"taxonomy":"post_tag","embeddable":true,"href":"https:\/\/todoapulmon-rafaela.com\/index.php\/wp-json\/wp\/v2\/tags?post=501"}],"curies":[{"name":"wp","href":"https:\/\/api.w.org\/{rel}","templated":true}]}}