{"id":50007,"date":"2024-07-30T19:03:47","date_gmt":"2024-07-30T19:03:47","guid":{"rendered":"https:\/\/todoapulmon-rafaela.com\/?p=50007"},"modified":"2024-07-30T19:05:08","modified_gmt":"2024-07-30T19:05:08","slug":"meli-gretter-y-cande-gentinetta-iniciaron-los-entrenamientos-con-la-seleccion-mayor","status":"publish","type":"post","link":"https:\/\/todoapulmon-rafaela.com\/index.php\/2024\/07\/30\/meli-gretter-y-cande-gentinetta-iniciaron-los-entrenamientos-con-la-seleccion-mayor\/","title":{"rendered":"La selecci\u00f3n mayor comenz\u00f3 los entrenamientos con presencias rafaelinas"},"content":{"rendered":"<div class=\"itemBody\">\n<p>El seleccionado nacional femenino, que integran las rafaelinas Melisa Gretter y Candela Gentinetta, arranc\u00f3 con sus entrenamientos en la antesala al Preclasificatorio a la Copa del Mundo 2026 y al Sudamericano de Mayores. La concentraci\u00f3n se extender\u00e1 por tres semanas.<\/p>\n<p>El enfoque es claro y preciso, con la determinaci\u00f3n conjunta de afianzar el crecimiento y el progreso de la disciplina en a\u00f1os recientes. En l\u00ednea con ese prop\u00f3sito deportivo, la Selecci\u00f3n Femenina inici\u00f3 su preparaci\u00f3n en Obras Sanitarias en la previa de la doble competencia internacional. La concentraci\u00f3n en la Ciudad de Buenos Aires se extender\u00e1 por un periodo de tres semanas en sesiones de doble turno.<\/p>\n<p>En una prolongaci\u00f3n al proyecto iniciado en 2020, Gregorio Mart\u00ednez continuar\u00e1 como Head Coach de un plantel que tiene como objetivo el Mundial de 2026. Por motivos personales Camila Suarez tom\u00f3 la decisi\u00f3n de no participar de la convocatoria; en su lugar ingres\u00f3 Amaiquen Siciliano. Para los pr\u00f3ximos d\u00edas se espera la incorporaci\u00f3n a los entrenamientos de Alma Bourgarel, Natassja Kolff y de Nerea Lagowski, las tres juveniles invitadas al proceso en un contexto de profundizar su formaci\u00f3n con el selectivo nacional.<\/p>\n<p>El resto del staff de profesionales de la CAB se compone por Gonzalo P\u00e9rez, Roc\u00edo P\u00e9rez, Nicol\u00e1s Grosso, Mauricio Sant\u00e1ngelo y por Mariano Marcos como asistentes t\u00e9cnicos, Mat\u00edas Podesta y Yonathan Rodr\u00edguez como preparadores f\u00edsicos, Mar\u00eda Alejandra Valdez ser\u00e1 la m\u00e9dica de la delegaci\u00f3n, Ariel Machado el kinesi\u00f3logo, Luciano Salgueiro el utilero y Hern\u00e1n Tettamanti como Director de Selecciones Nacionales.<\/p>\n<p>Dentro del calendario figuran dos cert\u00e1menes para este segmento del a\u00f1o. Del 19 al 25 de agosto, la Mayor participar\u00e1 del Preclasificatorio a la Copa del Mundo 2026 en Kigali, ciudad capital de Ruanda. Su zona estar\u00e1 conformada por Gran Breta\u00f1a, L\u00edbano y el propio elenco organizador, mientras que en el otro cuadro se reubicaron los seleccionados de Brasil, Hungr\u00eda, Senegal y de Filipinas. El ganador obtendr\u00e1 su plaza para los torneos clasificatorios de marzo de 2026.<\/p>\n<\/div>\n<div class=\"itemBody\">\n<p><img loading=\"lazy\" decoding=\"async\" class=\"alignnone size-full wp-image-50009\" src=\"https:\/\/todoapulmon-rafaela.com\/wp-content\/uploads\/2024\/07\/Cande-Genti-2024sele-scaled.jpg\" alt=\"\" width=\"2048\" height=\"2560\" srcset=\"https:\/\/todoapulmon-rafaela.com\/wp-content\/uploads\/2024\/07\/Cande-Genti-2024sele-scaled.jpg 2048w, https:\/\/todoapulmon-rafaela.com\/wp-content\/uploads\/2024\/07\/Cande-Genti-2024sele-240x300.jpg 240w, https:\/\/todoapulmon-rafaela.com\/wp-content\/uploads\/2024\/07\/Cande-Genti-2024sele-1200x1500.jpg 1200w, https:\/\/todoapulmon-rafaela.com\/wp-content\/uploads\/2024\/07\/Cande-Genti-2024sele-1229x1536.jpg 1229w, https:\/\/todoapulmon-rafaela.com\/wp-content\/uploads\/2024\/07\/Cande-Genti-2024sele-1638x2048.jpg 1638w\" sizes=\"(max-width: 2048px) 100vw, 2048px\" \/><\/p>\n<p>De regreso a la regi\u00f3n, entre el 31 de agosto y el 7 de septiembre afrontar\u00e1 el Campeonato Sudamericano de Mayores en Santiago de Chile. La albiceleste ser\u00e1 parte del Grupo A con Brasil, Bolivia, Uruguay y el pa\u00eds anfitri\u00f3n. Los tres mejores garantizar\u00e1n su presencia en la AmeriCup de 2025, junto a Chile por ser sede del evento continental.<\/p>\n<\/div>\n<div><img loading=\"lazy\" decoding=\"async\" class=\"alignnone size-full wp-image-50010\" src=\"https:\/\/todoapulmon-rafaela.com\/wp-content\/uploads\/2024\/07\/Flyer-selecfem.jpg\" alt=\"\" width=\"1920\" height=\"1080\" srcset=\"https:\/\/todoapulmon-rafaela.com\/wp-content\/uploads\/2024\/07\/Flyer-selecfem.jpg 1920w, https:\/\/todoapulmon-rafaela.com\/wp-content\/uploads\/2024\/07\/Flyer-selecfem-300x169.jpg 300w, https:\/\/todoapulmon-rafaela.com\/wp-content\/uploads\/2024\/07\/Flyer-selecfem-1536x864.jpg 1536w\" sizes=\"(max-width: 1920px) 100vw, 1920px\" \/><\/div>\n<div>Fuente: CAB.<\/div>\n<div class=\"gridPhotoGallery-container\">\n<div class=\"gridPhotoGallery mfp-gallery misc gridPhotoGallery--ratio-square gridPhotoGallery--cols-4\" data-cols=\"4\">\n<div class=\"gridPhotoGallery__item gridPhotoGallery__item--sizer\"><\/div>\n<\/div>\n<\/div>\n","protected":false},"excerpt":{"rendered":"<p>El seleccionado nacional femenino, que integran las rafaelinas Melisa Gretter y Candela Gentinetta, arranc\u00f3 con sus entrenamientos en la antesala<\/p>\n","protected":false},"author":2,"featured_media":50008,"comment_status":"closed","ping_status":"closed","sticky":false,"template":"","format":"standard","meta":{"footnotes":""},"categories":[5,24],"tags":[68,39],"class_list":["post-50007","post","type-post","status-publish","format-standard","has-post-thumbnail","hentry","category-basquet","category-noticias-destacadas","tag-candela-gentinetta","tag-melisa-gretter"],"cc_featured_image_caption":{"caption_text":"Melisa Gretter en la primera pr\u00e1ctica (FOTO CAB).","source_text":"","source_url":""},"_links":{"self":[{"href":"https:\/\/todoapulmon-rafaela.com\/index.php\/wp-json\/wp\/v2\/posts\/50007"}],"collection":[{"href":"https:\/\/todoapulmon-rafaela.com\/index.php\/wp-json\/wp\/v2\/posts"}],"about":[{"href":"https:\/\/todoapulmon-rafaela.com\/index.php\/wp-json\/wp\/v2\/types\/post"}],"author":[{"embeddable":true,"href":"https:\/\/todoapulmon-rafaela.com\/index.php\/wp-json\/wp\/v2\/users\/2"}],"replies":[{"embeddable":true,"href":"https:\/\/todoapulmon-rafaela.com\/index.php\/wp-json\/wp\/v2\/comments?post=50007"}],"version-history":[{"count":3,"href":"https:\/\/todoapulmon-rafaela.com\/index.php\/wp-json\/wp\/v2\/posts\/50007\/revisions"}],"predecessor-version":[{"id":50013,"href":"https:\/\/todoapulmon-rafaela.com\/index.php\/wp-json\/wp\/v2\/posts\/50007\/revisions\/50013"}],"wp:featuredmedia":[{"embeddable":true,"href":"https:\/\/todoapulmon-rafaela.com\/index.php\/wp-json\/wp\/v2\/media\/50008"}],"wp:attachment":[{"href":"https:\/\/todoapulmon-rafaela.com\/index.php\/wp-json\/wp\/v2\/media?parent=50007"}],"wp:term":[{"taxonomy":"category","embeddable":true,"href":"https:\/\/todoapulmon-rafaela.com\/index.php\/wp-json\/wp\/v2\/categories?post=50007"},{"taxonomy":"post_tag","embeddable":true,"href":"https:\/\/todoapulmon-rafaela.com\/index.php\/wp-json\/wp\/v2\/tags?post=50007"}],"curies":[{"name":"wp","href":"https:\/\/api.w.org\/{rel}","templated":true}]}}