{"id":49901,"date":"2024-07-28T18:01:54","date_gmt":"2024-07-28T18:01:54","guid":{"rendered":"https:\/\/todoapulmon-rafaela.com\/?p=49901"},"modified":"2024-07-28T18:13:50","modified_gmt":"2024-07-28T18:13:50","slug":"francisco-fregona-obtuvo-medalla-de-oro-en-la-copa-nacional-u16","status":"publish","type":"post","link":"https:\/\/todoapulmon-rafaela.com\/index.php\/2024\/07\/28\/francisco-fregona-obtuvo-medalla-de-oro-en-la-copa-nacional-u16\/","title":{"rendered":"Francisco Fregona obtuvo medalla de oro en la Copa Nacional U16"},"content":{"rendered":"<p>Fiel a su tradici\u00f3n de obtener buenos resultados, y especialmente en la Copa Nacional U16 donde ha sido dos veces campe\u00f3n (2018 y 2019), CRAS tambi\u00e9n obtuvo logros este fin de semana en C\u00f3rdoba.<\/p>\n<p>En la jornada del s\u00e1bado, Francisco Fregona obtuvo la medalla dorada en los 2km de marcha con un tiempo de 11m 26s 60\/100. El atleta entrenado por Ariel Magallanes y Roc\u00edo Donnet se impuso en una competencia donde hubo nueve participantes, y en la que su compa\u00f1ero Tob\u00edas Barra -entrenado por Leandro Bonamino- obtuvo el quinto puesto.<\/p>\n<div style=\"width: 478px;\" class=\"wp-video\"><!--[if lt IE 9]><script>document.createElement('video');<\/script><![endif]-->\n<video class=\"wp-video-shortcode\" id=\"video-49901-1\" width=\"478\" height=\"850\" preload=\"metadata\" controls=\"controls\"><source type=\"video\/mp4\" src=\"https:\/\/todoapulmon-rafaela.com\/wp-content\/uploads\/2024\/07\/VID-20240728-WA0012.mp4?_=1\" \/><a href=\"https:\/\/todoapulmon-rafaela.com\/wp-content\/uploads\/2024\/07\/VID-20240728-WA0012.mp4\">https:\/\/todoapulmon-rafaela.com\/wp-content\/uploads\/2024\/07\/VID-20240728-WA0012.mp4<\/a><\/video><\/div>\n<p>En la marcha femenina, tambi\u00e9n sobre 2km, fue cuarta Milagros Kuriger (del grupo Magallanes-Donnet), competencia donde intervinieron 13 atletas. Las sensaciones son muy auspiciosas tomando en cuenta que son categor\u00eda 2010.<\/p>\n<p><img loading=\"lazy\" decoding=\"async\" class=\"alignnone size-full wp-image-49929\" src=\"https:\/\/todoapulmon-rafaela.com\/wp-content\/uploads\/2024\/07\/Fregona-Kuriger.jpg\" alt=\"\" width=\"960\" height=\"1280\" srcset=\"https:\/\/todoapulmon-rafaela.com\/wp-content\/uploads\/2024\/07\/Fregona-Kuriger.jpg 960w, https:\/\/todoapulmon-rafaela.com\/wp-content\/uploads\/2024\/07\/Fregona-Kuriger-225x300.jpg 225w\" sizes=\"(max-width: 960px) 100vw, 960px\" \/><\/p>\n<p>En tanto, Valent\u00edn Alfonso y Emilia Renzi tuvieron sus mejores desempe\u00f1os en las respectivas competencias que intervinieron.<\/p>\n<p>Respecto a otras actuaciones destacadas de atletas de CRAS en la primera jornada, del grupo de Bonamino, en lanzamiento de martillo fue quinto Agust\u00edn Suarez con 38m 84.<\/p>\n<p>En tanto, Josefina Guti\u00e9rrez fue s\u00e9ptima en los 80 metros llanos con 10s 85. Cabe acotar que en esta prueba hubo doce series por la gran cantidad de inscriptas.<\/p>\n<p>El torneo culmina este domingo.<\/p>\n","protected":false},"excerpt":{"rendered":"<p>Fiel a su tradici\u00f3n de obtener buenos resultados, y especialmente en la Copa Nacional U16 donde ha sido dos veces<\/p>\n","protected":false},"author":2,"featured_media":49931,"comment_status":"closed","ping_status":"closed","sticky":false,"template":"","format":"standard","meta":{"footnotes":""},"categories":[7,24],"tags":[],"class_list":["post-49901","post","type-post","status-publish","format-standard","has-post-thumbnail","hentry","category-atletismo","category-noticias-destacadas"],"cc_featured_image_caption":{"caption_text":"","source_text":"","source_url":""},"_links":{"self":[{"href":"https:\/\/todoapulmon-rafaela.com\/index.php\/wp-json\/wp\/v2\/posts\/49901"}],"collection":[{"href":"https:\/\/todoapulmon-rafaela.com\/index.php\/wp-json\/wp\/v2\/posts"}],"about":[{"href":"https:\/\/todoapulmon-rafaela.com\/index.php\/wp-json\/wp\/v2\/types\/post"}],"author":[{"embeddable":true,"href":"https:\/\/todoapulmon-rafaela.com\/index.php\/wp-json\/wp\/v2\/users\/2"}],"replies":[{"embeddable":true,"href":"https:\/\/todoapulmon-rafaela.com\/index.php\/wp-json\/wp\/v2\/comments?post=49901"}],"version-history":[{"count":6,"href":"https:\/\/todoapulmon-rafaela.com\/index.php\/wp-json\/wp\/v2\/posts\/49901\/revisions"}],"predecessor-version":[{"id":49936,"href":"https:\/\/todoapulmon-rafaela.com\/index.php\/wp-json\/wp\/v2\/posts\/49901\/revisions\/49936"}],"wp:featuredmedia":[{"embeddable":true,"href":"https:\/\/todoapulmon-rafaela.com\/index.php\/wp-json\/wp\/v2\/media\/49931"}],"wp:attachment":[{"href":"https:\/\/todoapulmon-rafaela.com\/index.php\/wp-json\/wp\/v2\/media?parent=49901"}],"wp:term":[{"taxonomy":"category","embeddable":true,"href":"https:\/\/todoapulmon-rafaela.com\/index.php\/wp-json\/wp\/v2\/categories?post=49901"},{"taxonomy":"post_tag","embeddable":true,"href":"https:\/\/todoapulmon-rafaela.com\/index.php\/wp-json\/wp\/v2\/tags?post=49901"}],"curies":[{"name":"wp","href":"https:\/\/api.w.org\/{rel}","templated":true}]}}