{"id":49835,"date":"2024-07-24T12:52:21","date_gmt":"2024-07-24T12:52:21","guid":{"rendered":"https:\/\/todoapulmon-rafaela.com\/?p=49835"},"modified":"2024-07-24T13:08:55","modified_gmt":"2024-07-24T13:08:55","slug":"emilia-acosta-y-lucia-gonzalez-tuvieron-una-concentracion-en-buenos-aires","status":"publish","type":"post","link":"https:\/\/todoapulmon-rafaela.com\/index.php\/2024\/07\/24\/emilia-acosta-y-lucia-gonzalez-tuvieron-una-concentracion-en-buenos-aires\/","title":{"rendered":"Emilia Acosta y Luc\u00eda Gonz\u00e1lez tuvieron una concentraci\u00f3n en Buenos Aires"},"content":{"rendered":"<p>Emilia Acosta y Luc\u00eda Gonz\u00e1lez estuvieron participando d\u00edas pasados de una concentraci\u00f3n de las selecciones nacionales de gimnasia de juveniles y mayores, en las instalaciones del CENARD, en Buenos Aires. Fue la segunda de este a\u00f1o para las gimnastas de CREAR Club, entrenadas por V\u00edctor Ingaramo.<\/p>\n<div style=\"width: 478px;\" class=\"wp-video\"><!--[if lt IE 9]><script>document.createElement('video');<\/script><![endif]-->\n<video class=\"wp-video-shortcode\" id=\"video-49835-1\" width=\"478\" height=\"850\" preload=\"metadata\" controls=\"controls\"><source type=\"video\/mp4\" src=\"https:\/\/todoapulmon-rafaela.com\/wp-content\/uploads\/2024\/07\/VID-20240724-WA0021.mp4?_=1\" \/><a href=\"https:\/\/todoapulmon-rafaela.com\/wp-content\/uploads\/2024\/07\/VID-20240724-WA0021.mp4\">https:\/\/todoapulmon-rafaela.com\/wp-content\/uploads\/2024\/07\/VID-20240724-WA0021.mp4<\/a><\/video><\/div>\n<p>Luego de la exitosa participaci\u00f3n en el Panamericano realizado en Colombia, la Confederaci\u00f3n Argentina de Gimnasia retom\u00f3 sus habituales entrenamientos conjuntos, donde las deportistas rafaelinas fueron protagonistas de estas pr\u00e1cticas junto al resto de la convocatoria a nivel nacional.<\/p>\n<p>Como es habitual en este tipo de entrenamientos intensivos, el cuerpo t\u00e9cnico realiza evaluaciones de cara a las pr\u00f3ximas competencias internacionales.<\/p>\n<div style=\"width: 636px;\" class=\"wp-video\"><video class=\"wp-video-shortcode\" id=\"video-49835-2\" width=\"636\" height=\"796\" preload=\"metadata\" controls=\"controls\"><source type=\"video\/mp4\" src=\"https:\/\/todoapulmon-rafaela.com\/wp-content\/uploads\/2024\/07\/VID_21160626_072937_890.mp4?_=2\" \/><a href=\"https:\/\/todoapulmon-rafaela.com\/wp-content\/uploads\/2024\/07\/VID_21160626_072937_890.mp4\">https:\/\/todoapulmon-rafaela.com\/wp-content\/uploads\/2024\/07\/VID_21160626_072937_890.mp4<\/a><\/video><\/div>\n","protected":false},"excerpt":{"rendered":"<p>Emilia Acosta y Luc\u00eda Gonz\u00e1lez estuvieron participando d\u00edas pasados de una concentraci\u00f3n de las selecciones nacionales de gimnasia de juveniles<\/p>\n","protected":false},"author":2,"featured_media":49840,"comment_status":"closed","ping_status":"closed","sticky":false,"template":"","format":"standard","meta":{"footnotes":""},"categories":[24],"tags":[],"class_list":["post-49835","post","type-post","status-publish","format-standard","has-post-thumbnail","hentry","category-noticias-destacadas"],"cc_featured_image_caption":{"caption_text":"","source_text":"","source_url":""},"_links":{"self":[{"href":"https:\/\/todoapulmon-rafaela.com\/index.php\/wp-json\/wp\/v2\/posts\/49835"}],"collection":[{"href":"https:\/\/todoapulmon-rafaela.com\/index.php\/wp-json\/wp\/v2\/posts"}],"about":[{"href":"https:\/\/todoapulmon-rafaela.com\/index.php\/wp-json\/wp\/v2\/types\/post"}],"author":[{"embeddable":true,"href":"https:\/\/todoapulmon-rafaela.com\/index.php\/wp-json\/wp\/v2\/users\/2"}],"replies":[{"embeddable":true,"href":"https:\/\/todoapulmon-rafaela.com\/index.php\/wp-json\/wp\/v2\/comments?post=49835"}],"version-history":[{"count":3,"href":"https:\/\/todoapulmon-rafaela.com\/index.php\/wp-json\/wp\/v2\/posts\/49835\/revisions"}],"predecessor-version":[{"id":49844,"href":"https:\/\/todoapulmon-rafaela.com\/index.php\/wp-json\/wp\/v2\/posts\/49835\/revisions\/49844"}],"wp:featuredmedia":[{"embeddable":true,"href":"https:\/\/todoapulmon-rafaela.com\/index.php\/wp-json\/wp\/v2\/media\/49840"}],"wp:attachment":[{"href":"https:\/\/todoapulmon-rafaela.com\/index.php\/wp-json\/wp\/v2\/media?parent=49835"}],"wp:term":[{"taxonomy":"category","embeddable":true,"href":"https:\/\/todoapulmon-rafaela.com\/index.php\/wp-json\/wp\/v2\/categories?post=49835"},{"taxonomy":"post_tag","embeddable":true,"href":"https:\/\/todoapulmon-rafaela.com\/index.php\/wp-json\/wp\/v2\/tags?post=49835"}],"curies":[{"name":"wp","href":"https:\/\/api.w.org\/{rel}","templated":true}]}}