{"id":49747,"date":"2024-07-20T21:32:38","date_gmt":"2024-07-20T21:32:38","guid":{"rendered":"https:\/\/todoapulmon-rafaela.com\/?p=49747"},"modified":"2024-07-20T22:30:55","modified_gmt":"2024-07-20T22:30:55","slug":"crar-logro-un-gran-triunfo-ante-jockey","status":"publish","type":"post","link":"https:\/\/todoapulmon-rafaela.com\/index.php\/2024\/07\/20\/crar-logro-un-gran-triunfo-ante-jockey\/","title":{"rendered":"CRAR logr\u00f3 un gran triunfo ante Jockey"},"content":{"rendered":"<p>En uno de los partidos correspondientes a la pen\u00faltima fecha del torneo de Segunda Divisi\u00f3n del TRL, el C\u00edrculo Rafaelino de Rugby se impuso este s\u00e1bado como local ante Jockey de Venado Tuerto por 33 a 22, logrando un nuevo triunfo con bonus que ratific\u00f3 su muy buen momento.<\/p>\n<p>Los tries del local fueron a trav\u00e9s de Tom\u00e1s Ferrero -2-, Gast\u00f3n Kerstens, Nicol\u00e1s Imvinkelried y Santiago Kerstens, quien adem\u00e1s tuvo cuatro conversiones.<\/p>\n<p>Con ambos equipos ya clasificados para jugar la Promoci\u00f3n A por el ascenso, el encuentro se desarroll\u00f3 sin tantas presiones pero con la firme postura de quedarse con la victoria para mantener ese presente favorable. En ese contexto, el Verde ya dio muestra de sus intenciones en el primer tiempo, logrando tres tries en dicho per\u00edodo. Y en la parte final, pese a la reacci\u00f3n de la visita, estuvo s\u00f3lido para terminar la fr\u00eda tarde sumando otros cinco puntos para la tabla.<\/p>\n<div style=\"width: 800px;\" class=\"wp-video\"><!--[if lt IE 9]><script>document.createElement('video');<\/script><![endif]-->\n<video class=\"wp-video-shortcode\" id=\"video-49747-1\" width=\"800\" height=\"450\" preload=\"metadata\" controls=\"controls\"><source type=\"video\/mp4\" src=\"https:\/\/todoapulmon-rafaela.com\/wp-content\/uploads\/2024\/07\/20240720_161336.mp4?_=1\" \/><a href=\"https:\/\/todoapulmon-rafaela.com\/wp-content\/uploads\/2024\/07\/20240720_161336.mp4\">https:\/\/todoapulmon-rafaela.com\/wp-content\/uploads\/2024\/07\/20240720_161336.mp4<\/a><\/video><\/div>\n<p>El equipo dirigido por Nicol\u00e1s Guti\u00e9rrez y Ernesto Algaba tuvo esta formaci\u00f3n: 1 Gabriel Morales, 2 Mart\u00edn Barberis, 3 Jonatan Viotti; 4 Juan P. Imvinkelried, 5 Juan M. Imvinkelried; Ian Trossero, 7 Lucas Canello, 8 Gast\u00f3n Kerstens; 9 Esteban Appo, 10 Santiago Kerstens; 11 Leonardo Sabellotti, 12 Tom\u00e1s Ferrero, 13 Manuel Mandrille, 14 Mateo Ferrero; 15 Nicol\u00e1s Imvinkelried.<\/p>\n<p>Cambios: 43&#8242; Ticiano Hang y Juan Cruz Karlen por Ian Trossero y Gast\u00f3n Kerstens; 48&#8242; Jer\u00f3nimo Ribero por Nicol\u00e1s Imvinkelried; 59&#8242; Valentino Ferrero y Agust\u00edn Cesano por Sabellotti y Juan P. Imvinkelried; 68&#8242; M\u00e1ximo Astesano por Barberis y Joaqu\u00edn Astesano por Morales.<\/p>\n<p>Puntos de CRAR: primer tiempo, 9&#8242; try de Gast\u00f3n Kerstens convertido por Santiago Kerstens; 21&#8242; try de Tom\u00e1s Ferrero convertido por S. Kerstens; 36&#8242; try de Nicol\u00e1s Imvinkelried.<\/p>\n<p>Segundo tiempo: 3&#8242; try de Santiago Kerstens conv. por el propio jugador; 36&#8242; try de Tom\u00e1s Ferrero conv. por S. Kerstens.<\/p>\n<p>En pre-reserva gan\u00f3 CRAR por 30 a 15 y en reserva se impuso Jockey por 40 a 26.<\/p>\n<p><strong>LOS RESULTADOS<\/strong><\/p>\n<p>Alma Jrs 30 &#8211; Logaritmo 12 (5-0)<br \/>\nTilcara 48 &#8211; Los Pampas 15 (5-0)<br \/>\nLos Caranchos 24 &#8211; Provincial 26 (1-5)<br \/>\nCRAR 33 &#8211;\u00a0 Jockey (VT) 22 (5-1)<br \/>\nLibre La Salle.<\/p>\n<p><strong>Posiciones<\/strong>: Jockey (VT) 69; CRAR 61; Tilcara 51; Provincial 45; Caranchos 37; Logaritmo 31; Alma Jr 31; La Salle 13 y Pampas 12.<\/p>\n<p><strong>Pr\u00f3xima fecha, 18\u00aa, 27 de julio:<\/strong> Provincial vs. CRAR, Los Pampas vs. Los Caranchos, Logaritmo vs. Tilcara y La Salle vs. Alma Jrs. Libre Jockey (VT).<\/p>\n<p>Luego de esta jornada, CRAR jugar\u00e1 semifinal con Rowing de Paran\u00e1 como visitante, el 11 de agosto. De ganar, disputar\u00e1 la final el 17 con el ganador de Jockey VT &#8211; Universitario de Rosario.<\/p>\n","protected":false},"excerpt":{"rendered":"<p>En uno de los partidos correspondientes a la pen\u00faltima fecha del torneo de Segunda Divisi\u00f3n del TRL, el C\u00edrculo Rafaelino<\/p>\n","protected":false},"author":2,"featured_media":49750,"comment_status":"closed","ping_status":"closed","sticky":false,"template":"","format":"standard","meta":{"footnotes":""},"categories":[24,2],"tags":[],"class_list":["post-49747","post","type-post","status-publish","format-standard","has-post-thumbnail","hentry","category-noticias-destacadas","category-rugby"],"cc_featured_image_caption":{"caption_text":"","source_text":"","source_url":""},"_links":{"self":[{"href":"https:\/\/todoapulmon-rafaela.com\/index.php\/wp-json\/wp\/v2\/posts\/49747"}],"collection":[{"href":"https:\/\/todoapulmon-rafaela.com\/index.php\/wp-json\/wp\/v2\/posts"}],"about":[{"href":"https:\/\/todoapulmon-rafaela.com\/index.php\/wp-json\/wp\/v2\/types\/post"}],"author":[{"embeddable":true,"href":"https:\/\/todoapulmon-rafaela.com\/index.php\/wp-json\/wp\/v2\/users\/2"}],"replies":[{"embeddable":true,"href":"https:\/\/todoapulmon-rafaela.com\/index.php\/wp-json\/wp\/v2\/comments?post=49747"}],"version-history":[{"count":5,"href":"https:\/\/todoapulmon-rafaela.com\/index.php\/wp-json\/wp\/v2\/posts\/49747\/revisions"}],"predecessor-version":[{"id":49761,"href":"https:\/\/todoapulmon-rafaela.com\/index.php\/wp-json\/wp\/v2\/posts\/49747\/revisions\/49761"}],"wp:featuredmedia":[{"embeddable":true,"href":"https:\/\/todoapulmon-rafaela.com\/index.php\/wp-json\/wp\/v2\/media\/49750"}],"wp:attachment":[{"href":"https:\/\/todoapulmon-rafaela.com\/index.php\/wp-json\/wp\/v2\/media?parent=49747"}],"wp:term":[{"taxonomy":"category","embeddable":true,"href":"https:\/\/todoapulmon-rafaela.com\/index.php\/wp-json\/wp\/v2\/categories?post=49747"},{"taxonomy":"post_tag","embeddable":true,"href":"https:\/\/todoapulmon-rafaela.com\/index.php\/wp-json\/wp\/v2\/tags?post=49747"}],"curies":[{"name":"wp","href":"https:\/\/api.w.org\/{rel}","templated":true}]}}