{"id":49706,"date":"2024-07-18T20:19:52","date_gmt":"2024-07-18T20:19:52","guid":{"rendered":"https:\/\/todoapulmon-rafaela.com\/?p=49706"},"modified":"2024-07-18T20:34:04","modified_gmt":"2024-07-18T20:34:04","slug":"rubiolo-sera-titular-ante-uruguay-y-vivas-tambien-entre-los-convocados","status":"publish","type":"post","link":"https:\/\/todoapulmon-rafaela.com\/index.php\/2024\/07\/18\/rubiolo-sera-titular-ante-uruguay-y-vivas-tambien-entre-los-convocados\/","title":{"rendered":"Rubiolo ser\u00e1 titular ante Uruguay y Vivas tambi\u00e9n entre los convocados"},"content":{"rendered":"<p>Los Pumas disputar\u00e1n ante Uruguay el tercer y \u00faltimo partido de la Ventana Internacional de Julio. El encuentro se jugar\u00e1 este s\u00e1bado en el estadio Domingo Burgue\u00f1o Miguel (Campus de Maldonado) desde las 16:00.<\/p>\n<p>Hasta el momento, los dirigidos por Felipe Contepomi cosechan una derrota y una victoria en su periplo internacional de este mes: 13-28 ante Francia en Mendoza y 33-25 en la revancha en V\u00e9lez.<\/p>\n<p>En esta oportunidad, el rafaelino titular ser\u00e1 Pedro Rubiolo, en tanto que Mayco Vivas estar\u00e1 entre los suplentes.<\/p>\n<p>Para este tercer encuentro en Maldonado, Felipe Contepomi dispuso 8 cambios respecto al equipo que viene de vencer a Francia en Liniers: Thomas Gallo por Mayco Vivas, Ignacio Ruiz por Juli\u00e1n Montoya, Pedro Rubiolo por Lucas Paulos, Joaqu\u00edn Moro (debutante) por Pablo Matera, Gonzalo Bertranou por Lautaro Baz\u00e1n V\u00e9lez, Tom\u00e1s Albornoz por Santiago Carreras, Jer\u00f3nimo de la Fuente por Mat\u00edas Moroni e Ignacio Mendy por Bautista Delguy.<\/p>\n<p><img loading=\"lazy\" decoding=\"async\" class=\"alignnone size-full wp-image-49708\" src=\"https:\/\/todoapulmon-rafaela.com\/wp-content\/uploads\/2024\/07\/Vivas-llegando.jpg\" alt=\"\" width=\"1440\" height=\"1800\" srcset=\"https:\/\/todoapulmon-rafaela.com\/wp-content\/uploads\/2024\/07\/Vivas-llegando.jpg 1440w, https:\/\/todoapulmon-rafaela.com\/wp-content\/uploads\/2024\/07\/Vivas-llegando-240x300.jpg 240w, https:\/\/todoapulmon-rafaela.com\/wp-content\/uploads\/2024\/07\/Vivas-llegando-1200x1500.jpg 1200w, https:\/\/todoapulmon-rafaela.com\/wp-content\/uploads\/2024\/07\/Vivas-llegando-1229x1536.jpg 1229w\" sizes=\"(max-width: 1440px) 100vw, 1440px\" \/><\/p>\n<p><strong>Novedades de la formaci\u00f3n:<\/strong> Marcos kremer ser\u00e1 el capit\u00e1n del equipo; Joaqu\u00edn Moro, jugador bahiense de la franquicia Pampas, tendr\u00e1 su debut el d\u00eda s\u00e1bado y pasar\u00e1 a ser el Puma #892; Francisco Coria Marchetti, en caso de ingresar, tambi\u00e9n disputar\u00e1 su primer cap con el seleccionado; Jer\u00f3nimo de la Fuente llegar\u00e1 a los 80 caps; Gonzalo Bertranou a los 60 e Ignacio Mendy vuelve al equipo tras su debut en 2021 ante Sud\u00e1frica.<\/p>\n<p>Los partidos entre Los Pumas y Los Teros comenzaron en 1951 con la creaci\u00f3n del Campeonato Sudamericano y su \u00faltimo test match se dio en 2006. All\u00ed, el partido fue clasificatorio para el Mundial 2007 y Los Pumas vencieron a Los Teros por 26-0 en el CASI.<\/p>\n<p>En el Campus de Maldonado los argentinos y uruguayos se enfrentaron en dos oportunidades, pero no con Los Pumas sino con Argentina XV. El primer antecedente fue el 17 de febrero de 2018, por el Am\u00e9ricas Rugby Championship, y Argentina XV super\u00f3 a Los Teros por 34-17 (Felipe Contepomi era el entrenador en ese entonces); mientras que el segundo encuentro fue el 20 de febrero de 2016, tambi\u00e9n por el Am\u00e9ricas Rugby Championship, y Argentina XV gan\u00f3 por 24-21, con el rosarino Pablo Bouza como t\u00e9cnico.<\/p>\n<p>A continuaci\u00f3n, la formaci\u00f3n de Los Pumas para el encuentro ante Uruguay en Maldonado:<\/p>\n<p>1.\u00a0<strong>GALLO,<\/strong>\u00a0Thomas\u00a0<em>(25 caps)<\/em><\/p>\n<p>2.\u00a0<strong>RUIZ<\/strong>, Ignacio\u00a0<em>(9 caps)<\/em><\/p>\n<p>3.\u00a0<strong>BELLO<\/strong>, Eduardo\u00a0<em>(23 caps)<\/em><\/p>\n<p>4.\u00a0<strong>MOLINA<\/strong>, Franco\u00a0<em>(2 cap)<\/em><\/p>\n<p>5.\u00a0<strong>RUBIOLO<\/strong>, Pedro<em>\u00a0(11 caps)<\/em><\/p>\n<p>6.\u00a0<strong>MORO<\/strong>, Joaqu\u00edn\u00a0<em>(sin caps)<\/em><\/p>\n<p>7.\u00a0<strong>KREMER<\/strong>, Marcos\u00a0<em>(66 caps) \u2013 Capit\u00e1n<\/em><\/p>\n<p>8.\u00a0<strong>OVIEDO<\/strong>, Joaqu\u00edn\u00a0<em>(4 caps)<\/em><\/p>\n<p>9.\u00a0<strong>BERTRANOU<\/strong>, Gonzalo\u00a0<em>(59 caps)<\/em><\/p>\n<p>10.<strong>\u00a0ALBORNOZ<\/strong>, Tom\u00e1s\u00a0<em>(7 caps)<\/em><\/p>\n<p>11.\u00a0<strong>CARRERAS,<\/strong>\u00a0Mateo\u00a0<em>(19 caps)<\/em><\/p>\n<p>12.\u00a0<strong>DE LA FUENTE<\/strong>, Jer\u00f3nimo\u00a0<em>(79 caps)<\/em>\u00a0\u2013 Vicecapit\u00e1n<\/p>\n<p>13.\u00a0<strong>CHOCOBARES<\/strong>, Santiago\u00a0<em>(20 caps)<\/em><\/p>\n<p>14.\u00a0<strong>MENDY<\/strong>, Ignacio\u00a0<em>(1 cap)<\/em><\/p>\n<p>15.\u00a0<strong>CORDERO<\/strong>, Santiago\u00a0<em>(51 caps)<\/em><\/p>\n<p><strong>SUPLENTES<\/strong><\/p>\n<p>16.\u00a0<strong>CALLES<\/strong>, Ignacio\u00a0<em>(2 caps)<\/em><\/p>\n<p>17.\u00a0<strong>VIVAS<\/strong>, Mayco\u00a0<em>(23 caps)<\/em><\/p>\n<p>18.\u00a0<strong>CORIA MARCHETTI<\/strong>, Francisco\u00a0<em>(sin caps)<\/em><\/p>\n<p>19.\u00a0<strong>ALEMANNO<\/strong>, Mat\u00edas\u00a0<em>(96 caps)<\/em><\/p>\n<p>20.\u00a0<strong>MATERA<\/strong>, Pablo\u00a0<em>(100 caps) \u2013 Vicecapit\u00e1n<\/em><\/p>\n<p>21.\u00a0<strong>GARC\u00cdA<\/strong>, Gonzalo\u00a0<em>(3 caps)<\/em><\/p>\n<p>22.\u00a0<strong>CARRERAS<\/strong>, Santiago\u00a0<em>(44 caps)<\/em><\/p>\n<p>23.\u00a0<strong>ORLANDO<\/strong>, Mat\u00edas\u00a0<em>(60 caps).<\/em><\/p>\n<p>Fuente: UAR.<\/p>\n","protected":false},"excerpt":{"rendered":"<p>Los Pumas disputar\u00e1n ante Uruguay el tercer y \u00faltimo partido de la Ventana Internacional de Julio. El encuentro se jugar\u00e1<\/p>\n","protected":false},"author":2,"featured_media":49707,"comment_status":"closed","ping_status":"closed","sticky":false,"template":"","format":"standard","meta":{"footnotes":""},"categories":[24,2],"tags":[],"class_list":["post-49706","post","type-post","status-publish","format-standard","has-post-thumbnail","hentry","category-noticias-destacadas","category-rugby"],"cc_featured_image_caption":{"caption_text":"Pedro Rubiolo estar\u00e1 en la segunda l\u00ednea (foto UAR).","source_text":"","source_url":""},"_links":{"self":[{"href":"https:\/\/todoapulmon-rafaela.com\/index.php\/wp-json\/wp\/v2\/posts\/49706"}],"collection":[{"href":"https:\/\/todoapulmon-rafaela.com\/index.php\/wp-json\/wp\/v2\/posts"}],"about":[{"href":"https:\/\/todoapulmon-rafaela.com\/index.php\/wp-json\/wp\/v2\/types\/post"}],"author":[{"embeddable":true,"href":"https:\/\/todoapulmon-rafaela.com\/index.php\/wp-json\/wp\/v2\/users\/2"}],"replies":[{"embeddable":true,"href":"https:\/\/todoapulmon-rafaela.com\/index.php\/wp-json\/wp\/v2\/comments?post=49706"}],"version-history":[{"count":2,"href":"https:\/\/todoapulmon-rafaela.com\/index.php\/wp-json\/wp\/v2\/posts\/49706\/revisions"}],"predecessor-version":[{"id":49710,"href":"https:\/\/todoapulmon-rafaela.com\/index.php\/wp-json\/wp\/v2\/posts\/49706\/revisions\/49710"}],"wp:featuredmedia":[{"embeddable":true,"href":"https:\/\/todoapulmon-rafaela.com\/index.php\/wp-json\/wp\/v2\/media\/49707"}],"wp:attachment":[{"href":"https:\/\/todoapulmon-rafaela.com\/index.php\/wp-json\/wp\/v2\/media?parent=49706"}],"wp:term":[{"taxonomy":"category","embeddable":true,"href":"https:\/\/todoapulmon-rafaela.com\/index.php\/wp-json\/wp\/v2\/categories?post=49706"},{"taxonomy":"post_tag","embeddable":true,"href":"https:\/\/todoapulmon-rafaela.com\/index.php\/wp-json\/wp\/v2\/tags?post=49706"}],"curies":[{"name":"wp","href":"https:\/\/api.w.org\/{rel}","templated":true}]}}