{"id":49694,"date":"2024-07-18T12:34:33","date_gmt":"2024-07-18T12:34:33","guid":{"rendered":"https:\/\/todoapulmon-rafaela.com\/?p=49694"},"modified":"2024-07-18T12:34:33","modified_gmt":"2024-07-18T12:34:33","slug":"milei-echo-al-subsecretario-de-deportes","status":"publish","type":"post","link":"https:\/\/todoapulmon-rafaela.com\/index.php\/2024\/07\/18\/milei-echo-al-subsecretario-de-deportes\/","title":{"rendered":"Milei ech\u00f3 al subsecretario de Deportes"},"content":{"rendered":"<p>La salida fulminante del subsecretario de Deportes de la Naci\u00f3n por sus dichos sobre los c\u00e1nticos de la Selecci\u00f3n fue confirmada anoche.<\/p>\n<p>La historia de la expulsi\u00f3n de Julio Garro determinada por Javier Milei, que hab\u00eda llegado a ese cargo como alfil de Macri, empez\u00f3 a las 8:29 de la ma\u00f1ana en una entrevista radial, sigui\u00f3 en redes sociales con unas andanadas de cr\u00edticas de fan\u00e1ticos libertarios que exigieron su salida inmediata del cargo, y termin\u00f3 a las 20.15 con la publicaci\u00f3n de un mensaje de la cuenta oficial @OPRArgentina: \u201cLa Oficina del Presidente informa que ning\u00fan gobierno puede decirle qu\u00e9 comentar, qu\u00e9 pensar o qu\u00e9 hacer a la Selecci\u00f3n Argentina Campeona del Mundo y Bicampeona de Am\u00e9rica, ni a ning\u00fan otro ciudadano. Por esta raz\u00f3n, Julio Garro deja de ser Subsecretario de Deportes de la Naci\u00f3n\u201d.<\/p>\n<p>El ahora ex subsecretario de Deportes hab\u00eda cometido la imprudencia de decir: \u201c<b>Creo que el capit\u00e1n de la Selecci\u00f3n\u00a0<\/b>(en referencia a Lionel Messi) debe salir a pedir las disculpas de ese caso,\u00a0<b>lo mismo que el presidente de la AFA<\/b>. Creo que corresponde y coincido con vos, es algo que nos deja como pa\u00eds mal parados con tanta gloria y ser\u00eda bueno llevar esto a algo ejemplificativo\u201d.<\/p>\n<p>Con esa decisi\u00f3n ya son, al menos, 58 los funcionarios que renunciaron, dejaron el lugar para el que hab\u00edan sido convocados sin asumir formalmente o sin ser protocolizada su designaci\u00f3n, y los que directamente fueron despedidos.<\/p>\n","protected":false},"excerpt":{"rendered":"<p>La salida fulminante del subsecretario de Deportes de la Naci\u00f3n por sus dichos sobre los c\u00e1nticos de la Selecci\u00f3n fue<\/p>\n","protected":false},"author":2,"featured_media":49695,"comment_status":"closed","ping_status":"closed","sticky":false,"template":"","format":"standard","meta":{"footnotes":""},"categories":[24],"tags":[],"class_list":["post-49694","post","type-post","status-publish","format-standard","has-post-thumbnail","hentry","category-noticias-destacadas"],"cc_featured_image_caption":{"caption_text":"Foto Infobae","source_text":"","source_url":""},"_links":{"self":[{"href":"https:\/\/todoapulmon-rafaela.com\/index.php\/wp-json\/wp\/v2\/posts\/49694"}],"collection":[{"href":"https:\/\/todoapulmon-rafaela.com\/index.php\/wp-json\/wp\/v2\/posts"}],"about":[{"href":"https:\/\/todoapulmon-rafaela.com\/index.php\/wp-json\/wp\/v2\/types\/post"}],"author":[{"embeddable":true,"href":"https:\/\/todoapulmon-rafaela.com\/index.php\/wp-json\/wp\/v2\/users\/2"}],"replies":[{"embeddable":true,"href":"https:\/\/todoapulmon-rafaela.com\/index.php\/wp-json\/wp\/v2\/comments?post=49694"}],"version-history":[{"count":1,"href":"https:\/\/todoapulmon-rafaela.com\/index.php\/wp-json\/wp\/v2\/posts\/49694\/revisions"}],"predecessor-version":[{"id":49696,"href":"https:\/\/todoapulmon-rafaela.com\/index.php\/wp-json\/wp\/v2\/posts\/49694\/revisions\/49696"}],"wp:featuredmedia":[{"embeddable":true,"href":"https:\/\/todoapulmon-rafaela.com\/index.php\/wp-json\/wp\/v2\/media\/49695"}],"wp:attachment":[{"href":"https:\/\/todoapulmon-rafaela.com\/index.php\/wp-json\/wp\/v2\/media?parent=49694"}],"wp:term":[{"taxonomy":"category","embeddable":true,"href":"https:\/\/todoapulmon-rafaela.com\/index.php\/wp-json\/wp\/v2\/categories?post=49694"},{"taxonomy":"post_tag","embeddable":true,"href":"https:\/\/todoapulmon-rafaela.com\/index.php\/wp-json\/wp\/v2\/tags?post=49694"}],"curies":[{"name":"wp","href":"https:\/\/api.w.org\/{rel}","templated":true}]}}