{"id":49656,"date":"2024-07-15T21:03:31","date_gmt":"2024-07-15T21:03:31","guid":{"rendered":"https:\/\/todoapulmon-rafaela.com\/?p=49656"},"modified":"2024-07-15T21:03:31","modified_gmt":"2024-07-15T21:03:31","slug":"la-jugadora-surgida-de-la-arb-que-disputa-el-mundial-u17","status":"publish","type":"post","link":"https:\/\/todoapulmon-rafaela.com\/index.php\/2024\/07\/15\/la-jugadora-surgida-de-la-arb-que-disputa-el-mundial-u17\/","title":{"rendered":"La jugadora surgida de la ARB que disputa el Mundial U17"},"content":{"rendered":"<p>En el Campeonato Mundial U17 femenino que se est\u00e1 desarrollando en M\u00e9xico, el seleccionado argentino cuenta con una jugadora surgida en Libertad de Sunchales y los torneos de la ARB. Se trata de Francisca Canello, que desde comienzos de este a\u00f1o se sum\u00f3 a Obras Sanitarias de Buenos Aires.<\/p>\n<p>El torneo no arranc\u00f3 bien para el equipo nacional, con derrotas ante Espa\u00f1a por 99 a 29 y frente a Jap\u00f3n por 81 a 44. En ambos encuentros jug\u00f3 poco m\u00e1s de 10 minutos, sin anotar puntos y bajando tres rebotes. Este martes cerrar\u00e1 la fase de grupos frente a Finlandia.<\/p>\n<p><img loading=\"lazy\" decoding=\"async\" class=\"alignnone size-full wp-image-49657\" src=\"https:\/\/todoapulmon-rafaela.com\/wp-content\/uploads\/2024\/07\/Canello-1.webp\" alt=\"\" width=\"1024\" height=\"1536\" srcset=\"https:\/\/todoapulmon-rafaela.com\/wp-content\/uploads\/2024\/07\/Canello-1.webp 1024w, https:\/\/todoapulmon-rafaela.com\/wp-content\/uploads\/2024\/07\/Canello-1-200x300.webp 200w, https:\/\/todoapulmon-rafaela.com\/wp-content\/uploads\/2024\/07\/Canello-1-1000x1500.webp 1000w\" sizes=\"(max-width: 1024px) 100vw, 1024px\" \/><\/p>\n<p>De esta manera, el b\u00e1squet femenino de nuestra regi\u00f3n sigue aportando jugadoras a los seleccionados argentinos en Mundiales como sucedi\u00f3 en su momento con Vanesa Avaro, y en los \u00faltimos a\u00f1os con Melisa Gretter, Candela Gentinetta, Luc\u00eda Operto, Lara Tribouley y Milagros Maza por citar las principales referentes, o tambi\u00e9n con Delfina Gentinetta que en la modalidad 3&#215;3 tambi\u00e9n representa a nuestro pa\u00eds a nivel internacional.<\/p>\n<p>&nbsp;<\/p>\n<p>&nbsp;<\/p>\n","protected":false},"excerpt":{"rendered":"<p>En el Campeonato Mundial U17 femenino que se est\u00e1 desarrollando en M\u00e9xico, el seleccionado argentino cuenta con una jugadora surgida<\/p>\n","protected":false},"author":2,"featured_media":49658,"comment_status":"closed","ping_status":"closed","sticky":false,"template":"","format":"standard","meta":{"footnotes":""},"categories":[5],"tags":[],"class_list":["post-49656","post","type-post","status-publish","format-standard","has-post-thumbnail","hentry","category-basquet"],"cc_featured_image_caption":{"caption_text":"","source_text":"","source_url":""},"_links":{"self":[{"href":"https:\/\/todoapulmon-rafaela.com\/index.php\/wp-json\/wp\/v2\/posts\/49656"}],"collection":[{"href":"https:\/\/todoapulmon-rafaela.com\/index.php\/wp-json\/wp\/v2\/posts"}],"about":[{"href":"https:\/\/todoapulmon-rafaela.com\/index.php\/wp-json\/wp\/v2\/types\/post"}],"author":[{"embeddable":true,"href":"https:\/\/todoapulmon-rafaela.com\/index.php\/wp-json\/wp\/v2\/users\/2"}],"replies":[{"embeddable":true,"href":"https:\/\/todoapulmon-rafaela.com\/index.php\/wp-json\/wp\/v2\/comments?post=49656"}],"version-history":[{"count":1,"href":"https:\/\/todoapulmon-rafaela.com\/index.php\/wp-json\/wp\/v2\/posts\/49656\/revisions"}],"predecessor-version":[{"id":49659,"href":"https:\/\/todoapulmon-rafaela.com\/index.php\/wp-json\/wp\/v2\/posts\/49656\/revisions\/49659"}],"wp:featuredmedia":[{"embeddable":true,"href":"https:\/\/todoapulmon-rafaela.com\/index.php\/wp-json\/wp\/v2\/media\/49658"}],"wp:attachment":[{"href":"https:\/\/todoapulmon-rafaela.com\/index.php\/wp-json\/wp\/v2\/media?parent=49656"}],"wp:term":[{"taxonomy":"category","embeddable":true,"href":"https:\/\/todoapulmon-rafaela.com\/index.php\/wp-json\/wp\/v2\/categories?post=49656"},{"taxonomy":"post_tag","embeddable":true,"href":"https:\/\/todoapulmon-rafaela.com\/index.php\/wp-json\/wp\/v2\/tags?post=49656"}],"curies":[{"name":"wp","href":"https:\/\/api.w.org\/{rel}","templated":true}]}}