{"id":49408,"date":"2024-07-03T20:50:04","date_gmt":"2024-07-03T20:50:04","guid":{"rendered":"https:\/\/todoapulmon-rafaela.com\/?p=49408"},"modified":"2024-07-03T20:50:04","modified_gmt":"2024-07-03T20:50:04","slug":"argentina-tiene-sus-abanderados-para-paris-2024","status":"publish","type":"post","link":"https:\/\/todoapulmon-rafaela.com\/index.php\/2024\/07\/03\/argentina-tiene-sus-abanderados-para-paris-2024\/","title":{"rendered":"Argentina tiene sus abanderados para Par\u00eds 2024"},"content":{"rendered":"<div class=\"itemIntroText\">\n<p>La Leona\u00a0<strong>Roc\u00edo S\u00e1nchez Moccia<\/strong>, medalla de plata en Londres 2012 y Tokio 2020 y\u00a0<strong>Luciano De Cecco<\/strong>, medalla de bronce en Tokio 2020 con el seleccionado de voleibol, ser\u00e1n los abanderados argentinos en la Ceremonia de Apertura de los XXXIII Juegos Ol\u00edmpicos Paris 2024.<\/p>\n<p>Par\u00eds 2024, el Juego Ol\u00edmpico que por primera vez en la historia tendr\u00e1 paridad de g\u00e9nero (50% y 50% de atletas participantes), ser\u00e1 el segundo en tener un abanderado masculino y otro femenino en el desfile inaugural, una iniciativa que comenz\u00f3 en los Juegos Ol\u00edmpicos de la Juventud Buenos Aires 2018.<\/p>\n<p>El proceso de elecci\u00f3n de los abanderados argentinos tuvo dos etapas. En primera instancia, las Federaciones Nacionales pod\u00edan proponer dos atletas candidatos de sus respectivos deportes, un var\u00f3n y una mujer. Luego, las candidaturas recibidas fueron elevadas a la Comisi\u00f3n de Atletas del Comit\u00e9 Ol\u00edmpico Argentino, que las puso a consideraci\u00f3n y elecci\u00f3n de sus miembros a trav\u00e9s de un sistema de votaci\u00f3n, para finalmente informar a la Mesa Directiva los cuatro atletas (2 varones y 2 mujeres) que resultaron preseleccionados por la mayor\u00eda para portar la insignia nacional en el evento ol\u00edmpico. Con ese informe, la Mesa Directiva del COA, evalu\u00f3 las propuestas y defini\u00f3 quienes ser\u00edan en definitiva los abanderados.<\/p>\n<\/div>\n<div class=\"itemFullText\">\n<p><strong>S\u00e1nchez Moccia<\/strong>, de 36 a\u00f1os, es la capitana y la jugadora m\u00e1s experimentada del conjunto dirigido por Fernando Ferrara que competir\u00e1 en Paris 2024. Con m\u00e1s de 250 partidos internacionales con la camiseta de las Leonas, la mediocampista disput\u00f3 tres Juegos Ol\u00edmpicos y consigui\u00f3 dos medallas de plata: una en Londres 2012 y otra en Tokio 2020, luego de convertirse en madre. Y, en R\u00edo 2016, logr\u00f3 el s\u00e9ptimo puesto.<\/p>\n<p>En los Juegos Panamericanos gan\u00f3 la medalla de oro en Santiago 2023 y dos preseas de plata, una en Guadalajara 2011 y otra en Toronto 2015, mientras que en los Juegos Suramericanos Asunci\u00f3n 2022 obtuvo la de bronce.<\/p>\n<p>La jugadora surgida en Liceo Naval jug\u00f3 tres Mundiales: La Haya 2014 (medalla de bronce), Londres 2018 (7\u00b0) y Espa\u00f1a-Pa\u00edses Bajos 2022 (medalla de plata). Se consagr\u00f3 campeona en tres oportunidades de la Liga de Campeones en Rosario 2012, Mendoza 2014 y Londres 2016 y fue subcampeona en \u00c1msterdam 2011. Tambi\u00e9n fue campeona de la Liga Mundial Rosario 2015 y en la Pro League 2022.<\/p>\n<p><strong>Luciano De Cecco<\/strong>\u00a0es el capit\u00e1n del seleccionado de voleibol conducido t\u00e9cnicamente por Marcelo M\u00e9ndez que participar\u00e1 en la 33\u00ba edici\u00f3n de los Juegos Ol\u00edmpicos que se celebrar\u00e1n en Paris. El armador de 36 a\u00f1os compiti\u00f3 en tres Juegos Ol\u00edmpicos y gan\u00f3 la medalla de bronce en Tokio 2020, mientras que fue quinto en Londres 2012 y R\u00edo 2016.<\/p>\n<p>Fue medallista de oro en los Juegos Panamericanos Toronto 2015 y se coron\u00f3 tres veces campe\u00f3n de la S\u00faper Liga de Italia (2017\/18, 2020\/21 y 2021\/22). Gan\u00f3 la Copa Italia en tres oportunidades (2013\/14, 2018\/19 y 2020\/21) y en dos oportunidades la S\u00faper Copa de Italia (2017\/18 y 2019\/20). Y, en el plano nacional fue campe\u00f3n de la Liga Argentina (2006\/07).<\/p>\n<p>Fue elegido el mejor armador en el Mundial de Jap\u00f3n 2011 y en 2020 recibi\u00f3 el Premio Konex de Platino.<\/p>\n<p><strong>Roc\u00edo S\u00e1nchez Moccia\u00a0<\/strong>y\u00a0<strong>Luciano De Cecco<\/strong>\u00a0encabezar\u00e1n la Delegaci\u00f3n Argentina compuesta por 135 atletas que participar\u00e1n en 25 disciplinas del programa ol\u00edmpico durante los 19 d\u00edas de acci\u00f3n en la capital francesa.<\/p>\n<p>Fuente: Comit\u00e9 Ol\u00edmpico Argentino.<\/p>\n<\/div>\n","protected":false},"excerpt":{"rendered":"<p>La Leona\u00a0Roc\u00edo S\u00e1nchez Moccia, medalla de plata en Londres 2012 y Tokio 2020 y\u00a0Luciano De Cecco, medalla de bronce en<\/p>\n","protected":false},"author":2,"featured_media":49409,"comment_status":"closed","ping_status":"closed","sticky":false,"template":"","format":"standard","meta":{"footnotes":""},"categories":[24],"tags":[],"class_list":["post-49408","post","type-post","status-publish","format-standard","has-post-thumbnail","hentry","category-noticias-destacadas"],"cc_featured_image_caption":{"caption_text":"S\u00e1nchez Moccia y De Cecco. (Foto Comit\u00e9 Ol\u00edmpico Argentino).","source_text":"","source_url":""},"_links":{"self":[{"href":"https:\/\/todoapulmon-rafaela.com\/index.php\/wp-json\/wp\/v2\/posts\/49408"}],"collection":[{"href":"https:\/\/todoapulmon-rafaela.com\/index.php\/wp-json\/wp\/v2\/posts"}],"about":[{"href":"https:\/\/todoapulmon-rafaela.com\/index.php\/wp-json\/wp\/v2\/types\/post"}],"author":[{"embeddable":true,"href":"https:\/\/todoapulmon-rafaela.com\/index.php\/wp-json\/wp\/v2\/users\/2"}],"replies":[{"embeddable":true,"href":"https:\/\/todoapulmon-rafaela.com\/index.php\/wp-json\/wp\/v2\/comments?post=49408"}],"version-history":[{"count":1,"href":"https:\/\/todoapulmon-rafaela.com\/index.php\/wp-json\/wp\/v2\/posts\/49408\/revisions"}],"predecessor-version":[{"id":49410,"href":"https:\/\/todoapulmon-rafaela.com\/index.php\/wp-json\/wp\/v2\/posts\/49408\/revisions\/49410"}],"wp:featuredmedia":[{"embeddable":true,"href":"https:\/\/todoapulmon-rafaela.com\/index.php\/wp-json\/wp\/v2\/media\/49409"}],"wp:attachment":[{"href":"https:\/\/todoapulmon-rafaela.com\/index.php\/wp-json\/wp\/v2\/media?parent=49408"}],"wp:term":[{"taxonomy":"category","embeddable":true,"href":"https:\/\/todoapulmon-rafaela.com\/index.php\/wp-json\/wp\/v2\/categories?post=49408"},{"taxonomy":"post_tag","embeddable":true,"href":"https:\/\/todoapulmon-rafaela.com\/index.php\/wp-json\/wp\/v2\/tags?post=49408"}],"curies":[{"name":"wp","href":"https:\/\/api.w.org\/{rel}","templated":true}]}}