{"id":493,"date":"2016-04-22T11:45:00","date_gmt":"2016-04-22T11:45:00","guid":{"rendered":"http:\/\/todoapulmon-rafaela.com\/?p=493"},"modified":"2016-04-22T11:45:00","modified_gmt":"2016-04-22T11:45:00","slug":"el-u17-de-la-rafaelina-debuta-en-el-provincial","status":"publish","type":"post","link":"https:\/\/todoapulmon-rafaela.com\/index.php\/2016\/04\/22\/el-u17-de-la-rafaelina-debuta-en-el-provincial\/","title":{"rendered":"El U17 de la Rafaelina debuta en el Provincial"},"content":{"rendered":"<div>Despu\u00e9s de casi dos meses de preparaci\u00f3n, el representativo U17 de la Asociaci\u00f3n Rafaelina de B\u00e1squet saltar\u00e1 a la cancha esta noche, cuando desde las 20,30 debute en el Provincial ante Santa Fe. El primer interasociativo del a\u00f1o se disputar\u00e1 en Ca\u00f1ada de G\u00f3mez, donde nuestro seleccionado intentar\u00e1 hacer un buen papel en una zona donde se enfrentar\u00e1 a Santa Fe, Rosario y Venado Tuerto.<\/div>\n<div>El equipo de la Asociaci\u00f3n viaja hacia Ca\u00f1ada de G\u00f3mez este viernes por la ma\u00f1ana, luego del \u00faltimo entrenamiento en instalaciones de Libertad de Sunchales. Mario Bircher ajust\u00f3 los \u00faltimos detalles junto a su asistente Gerardo Velasco y los 12 elegidos.<\/div>\n<div>Ellos son Lucas Corrado y Juan Enrico (Independiente); Mat\u00edas Andermatten (Atl\u00e9tico); Pablo Moreyra (Ben Hur); Mat\u00edas Alemani, Franchesco Trinchieri, Manuel Depetrini, Francisco Armando, Valent\u00edn Boscacci, Facundo Breques y Nicol\u00e1s Reynoso (Libertad); y Facundo Ort\u00edz (Uni\u00f3n).<\/div>\n<div>Despu\u00e9s del debut ante Santa Fe, el cronograma seguir\u00e1 el s\u00e1bado dependiendo el resultado, recordando que ese d\u00eda se jugar\u00e1n los dos encuentros restantes a la fase de zona. El domingo se disputar\u00e1n las semifinales, partido por tercer y cuarto puesto y la gran final.<\/div>\n","protected":false},"excerpt":{"rendered":"<p>Despu\u00e9s de casi dos meses de preparaci\u00f3n, el representativo U17 de la Asociaci\u00f3n Rafaelina de B\u00e1squet saltar\u00e1 a la cancha<\/p>\n","protected":false},"author":2,"featured_media":494,"comment_status":"open","ping_status":"open","sticky":false,"template":"","format":"standard","meta":{"footnotes":""},"categories":[5],"tags":[],"class_list":["post-493","post","type-post","status-publish","format-standard","has-post-thumbnail","hentry","category-basquet"],"cc_featured_image_caption":{"caption_text":"Los elegidos por Mario Bircher y Gerardo Velazco que tomar\u00e1n parte del Provincial (Foto Prensa ARB).","source_text":"","source_url":""},"_links":{"self":[{"href":"https:\/\/todoapulmon-rafaela.com\/index.php\/wp-json\/wp\/v2\/posts\/493"}],"collection":[{"href":"https:\/\/todoapulmon-rafaela.com\/index.php\/wp-json\/wp\/v2\/posts"}],"about":[{"href":"https:\/\/todoapulmon-rafaela.com\/index.php\/wp-json\/wp\/v2\/types\/post"}],"author":[{"embeddable":true,"href":"https:\/\/todoapulmon-rafaela.com\/index.php\/wp-json\/wp\/v2\/users\/2"}],"replies":[{"embeddable":true,"href":"https:\/\/todoapulmon-rafaela.com\/index.php\/wp-json\/wp\/v2\/comments?post=493"}],"version-history":[{"count":1,"href":"https:\/\/todoapulmon-rafaela.com\/index.php\/wp-json\/wp\/v2\/posts\/493\/revisions"}],"predecessor-version":[{"id":495,"href":"https:\/\/todoapulmon-rafaela.com\/index.php\/wp-json\/wp\/v2\/posts\/493\/revisions\/495"}],"wp:featuredmedia":[{"embeddable":true,"href":"https:\/\/todoapulmon-rafaela.com\/index.php\/wp-json\/wp\/v2\/media\/494"}],"wp:attachment":[{"href":"https:\/\/todoapulmon-rafaela.com\/index.php\/wp-json\/wp\/v2\/media?parent=493"}],"wp:term":[{"taxonomy":"category","embeddable":true,"href":"https:\/\/todoapulmon-rafaela.com\/index.php\/wp-json\/wp\/v2\/categories?post=493"},{"taxonomy":"post_tag","embeddable":true,"href":"https:\/\/todoapulmon-rafaela.com\/index.php\/wp-json\/wp\/v2\/tags?post=493"}],"curies":[{"name":"wp","href":"https:\/\/api.w.org\/{rel}","templated":true}]}}