{"id":4927,"date":"2017-03-09T13:23:45","date_gmt":"2017-03-09T13:23:45","guid":{"rendered":"http:\/\/todoapulmon-rafaela.com\/?p=4927"},"modified":"2017-03-09T13:23:45","modified_gmt":"2017-03-09T13:23:45","slug":"la-ilusion-de-los-chicos-previo-al-debut","status":"publish","type":"post","link":"https:\/\/todoapulmon-rafaela.com\/index.php\/2017\/03\/09\/la-ilusion-de-los-chicos-previo-al-debut\/","title":{"rendered":"La ilusi\u00f3n de los chicos previo al debut"},"content":{"rendered":"<p>El s\u00e1bado comienza el Argentino Juvenil, organizado por la UAR. En un hecho in\u00e9dito, el seleccionado de la Uni\u00f3n Santafesina jugar\u00e1 como local en nuestra ciudad frente al poderoso combinado de la URBA, en su regreso a la Zona Campeonato del certamen.<br \/>\nEn Todo a Pulm\u00f3n radio del mi\u00e9rcoles tuvimos la visita de tres de los seis integrantes del CRAR que integran dicho seleccionado.<br \/>\nEl centro Juan Coyne expres\u00f3 que \u00abla preparaci\u00f3n en el proceso fue dura. Esta semana desde el lunes ya entrenamos mentalizados en el partido con Buenos Aires, vimos videos sobre el juego que proponen para llegar a hacer un buen partido, hacer una buena defensa y atacar sus puntos d\u00e9biles\u00bb.<br \/>\nAgreg\u00f3 que \u00abpara nosotros fue una sorpresa que se haya confirmado que el primer partido es en Rafaela, porque en Santa Fe hay varios clubes siempre con chances de ser sede. Bienvenido sea que se haya dado esta posibilidad\u00bb.<br \/>\nPor su parte, el segunda l\u00ednea Octavio Capella manifest\u00f3 que \u00abpara mi es un orgullo enorme, despu\u00e9s de haber jugado en mi club el objetivo fue siempre jugar en un seleccionado, y no esperaba lograrlo teniendo un a\u00f1o menos que la categor\u00eda (M18). Est\u00e1 la posibilidad de ser titular y es algo muy lindo\u00bb.<br \/>\nM\u00e1s all\u00e1 de las dificultades extras que implica enfrentar a representativos candidatos al t\u00edtulo, Capella expres\u00f3 que \u00abla verdad que como yo lo veo, es mejor enfrentar a los mejores. Adem\u00e1s te motiva mucho jugar contra URBA porque tiene lo mejor a nivel del rugby nacional y si te va bien es un paso muy importante\u00bb.<br \/>\nEl pilar Andr\u00e9s Passerini, en tanto, expres\u00f3 que \u00abno veo la hora que sea el s\u00e1bado. Hay que disfrutar esto y meterle mucha garra. Imagino un partido duro, pero lo vamos a saber jugar y llevar adelante\u00bb.<br \/>\nRecordemos que tambi\u00e9n integran el seleccionado de la USR, Benjam\u00edn Acosta, Manuel Mandrile y Tom\u00e1s Lavalle.<\/p>\n","protected":false},"excerpt":{"rendered":"<p>El s\u00e1bado comienza el Argentino Juvenil, organizado por la UAR. En un hecho in\u00e9dito, el seleccionado de la Uni\u00f3n Santafesina<\/p>\n","protected":false},"author":2,"featured_media":4928,"comment_status":"open","ping_status":"open","sticky":false,"template":"","format":"standard","meta":{"footnotes":""},"categories":[24,2],"tags":[],"class_list":["post-4927","post","type-post","status-publish","format-standard","has-post-thumbnail","hentry","category-noticias-destacadas","category-rugby"],"cc_featured_image_caption":{"caption_text":"Capella, Coyne y Passerini en Todo a Pulm\u00f3n radio.","source_text":"","source_url":""},"_links":{"self":[{"href":"https:\/\/todoapulmon-rafaela.com\/index.php\/wp-json\/wp\/v2\/posts\/4927"}],"collection":[{"href":"https:\/\/todoapulmon-rafaela.com\/index.php\/wp-json\/wp\/v2\/posts"}],"about":[{"href":"https:\/\/todoapulmon-rafaela.com\/index.php\/wp-json\/wp\/v2\/types\/post"}],"author":[{"embeddable":true,"href":"https:\/\/todoapulmon-rafaela.com\/index.php\/wp-json\/wp\/v2\/users\/2"}],"replies":[{"embeddable":true,"href":"https:\/\/todoapulmon-rafaela.com\/index.php\/wp-json\/wp\/v2\/comments?post=4927"}],"version-history":[{"count":1,"href":"https:\/\/todoapulmon-rafaela.com\/index.php\/wp-json\/wp\/v2\/posts\/4927\/revisions"}],"predecessor-version":[{"id":4929,"href":"https:\/\/todoapulmon-rafaela.com\/index.php\/wp-json\/wp\/v2\/posts\/4927\/revisions\/4929"}],"wp:featuredmedia":[{"embeddable":true,"href":"https:\/\/todoapulmon-rafaela.com\/index.php\/wp-json\/wp\/v2\/media\/4928"}],"wp:attachment":[{"href":"https:\/\/todoapulmon-rafaela.com\/index.php\/wp-json\/wp\/v2\/media?parent=4927"}],"wp:term":[{"taxonomy":"category","embeddable":true,"href":"https:\/\/todoapulmon-rafaela.com\/index.php\/wp-json\/wp\/v2\/categories?post=4927"},{"taxonomy":"post_tag","embeddable":true,"href":"https:\/\/todoapulmon-rafaela.com\/index.php\/wp-json\/wp\/v2\/tags?post=4927"}],"curies":[{"name":"wp","href":"https:\/\/api.w.org\/{rel}","templated":true}]}}