{"id":49241,"date":"2024-06-25T13:14:59","date_gmt":"2024-06-25T13:14:59","guid":{"rendered":"https:\/\/todoapulmon-rafaela.com\/?p=49241"},"modified":"2024-06-25T13:14:59","modified_gmt":"2024-06-25T13:14:59","slug":"cristian-pernuzzi-se-impuso-en-parana","status":"publish","type":"post","link":"https:\/\/todoapulmon-rafaela.com\/index.php\/2024\/06\/25\/cristian-pernuzzi-se-impuso-en-parana\/","title":{"rendered":"Cristian Pernuzzi se impuso en Paran\u00e1"},"content":{"rendered":"<p>El domingo se desarroll\u00f3 una programaci\u00f3n de ciclismo en el Complejo \u00abArnaldo Sabino Pucheta\u00bb de Paran\u00e1. La reuni\u00f3n cicl\u00edstica fue organizada por la Asociaci\u00f3n Cicl\u00edstica de Entre R\u00edos con pedalistas de la regi\u00f3n y en la prueba principal, con 90 minutos de duraci\u00f3n, se impuso el rafaelino Cristian Pernuzzi, en tanto que su hermano Mat\u00edas qued\u00f3 cuarto.<br \/>\n<strong>Clasificaci\u00f3n Elite, Sub 23, Master A, Juniors y Elite II:<\/strong> 1\u00b0) Cristian Pernuzzi (Rafaela, Santa Fe); 2\u00b0) Nicol\u00e1s Femenias (Santa Fe); 3\u00b0) Juli\u00e1n Ornetti (Paran\u00e1); 4\u00b0) Mat\u00edas Pernuzzi (Rafaela, Santa Fe); 5\u00b0) Nahuel Iba\u00f1ez (Santa Fe).<br \/>\nLa ACER inform\u00f3 que que 7 y 21 de julio y 4 y 25 agosto habr\u00e1 competencias en el trazado Pucheta de la ciudad de Paran\u00e1 y en el feriado nacional del 17 agosto todo se trasladar\u00e1 a la localidad de La Paz, con el homenaje al gran Pedro Omar Caino.<\/p>\n","protected":false},"excerpt":{"rendered":"<p>El domingo se desarroll\u00f3 una programaci\u00f3n de ciclismo en el Complejo \u00abArnaldo Sabino Pucheta\u00bb de Paran\u00e1. La reuni\u00f3n cicl\u00edstica fue<\/p>\n","protected":false},"author":2,"featured_media":49242,"comment_status":"closed","ping_status":"closed","sticky":false,"template":"","format":"standard","meta":{"footnotes":""},"categories":[4,24],"tags":[],"class_list":["post-49241","post","type-post","status-publish","format-standard","has-post-thumbnail","hentry","category-ciclismo","category-noticias-destacadas"],"cc_featured_image_caption":{"caption_text":"FOTO ACER","source_text":"","source_url":""},"_links":{"self":[{"href":"https:\/\/todoapulmon-rafaela.com\/index.php\/wp-json\/wp\/v2\/posts\/49241"}],"collection":[{"href":"https:\/\/todoapulmon-rafaela.com\/index.php\/wp-json\/wp\/v2\/posts"}],"about":[{"href":"https:\/\/todoapulmon-rafaela.com\/index.php\/wp-json\/wp\/v2\/types\/post"}],"author":[{"embeddable":true,"href":"https:\/\/todoapulmon-rafaela.com\/index.php\/wp-json\/wp\/v2\/users\/2"}],"replies":[{"embeddable":true,"href":"https:\/\/todoapulmon-rafaela.com\/index.php\/wp-json\/wp\/v2\/comments?post=49241"}],"version-history":[{"count":1,"href":"https:\/\/todoapulmon-rafaela.com\/index.php\/wp-json\/wp\/v2\/posts\/49241\/revisions"}],"predecessor-version":[{"id":49243,"href":"https:\/\/todoapulmon-rafaela.com\/index.php\/wp-json\/wp\/v2\/posts\/49241\/revisions\/49243"}],"wp:featuredmedia":[{"embeddable":true,"href":"https:\/\/todoapulmon-rafaela.com\/index.php\/wp-json\/wp\/v2\/media\/49242"}],"wp:attachment":[{"href":"https:\/\/todoapulmon-rafaela.com\/index.php\/wp-json\/wp\/v2\/media?parent=49241"}],"wp:term":[{"taxonomy":"category","embeddable":true,"href":"https:\/\/todoapulmon-rafaela.com\/index.php\/wp-json\/wp\/v2\/categories?post=49241"},{"taxonomy":"post_tag","embeddable":true,"href":"https:\/\/todoapulmon-rafaela.com\/index.php\/wp-json\/wp\/v2\/tags?post=49241"}],"curies":[{"name":"wp","href":"https:\/\/api.w.org\/{rel}","templated":true}]}}