{"id":49186,"date":"2024-06-24T11:45:07","date_gmt":"2024-06-24T11:45:07","guid":{"rendered":"https:\/\/todoapulmon-rafaela.com\/?p=49186"},"modified":"2024-06-24T11:49:04","modified_gmt":"2024-06-24T11:49:04","slug":"german-romitelli-fue-subcampeon-en-el-europeo","status":"publish","type":"post","link":"https:\/\/todoapulmon-rafaela.com\/index.php\/2024\/06\/24\/german-romitelli-fue-subcampeon-en-el-europeo\/","title":{"rendered":"Germ\u00e1n Romitelli fue subcampe\u00f3n en el Europeo"},"content":{"rendered":"<p>Un gran fin de semana tuvo el tirador rafaelino Germ\u00e1n Romitelli en Hodonice, Rep\u00fablica Checa, donde obtuvo el subcampeonato en el Campeonato Europeo de Tiro Pr\u00e1ctico. En el prestigioso evento, Extreme Europe Open, una de las competencias m\u00e1s importantes a nivel mundial dentro de la disciplina, el deportista surgido del Tiro Federal de Rafaela revalid\u00f3 su nivel frente a los principales exponentes de la categor\u00eda Producci\u00f3n.<\/p>\n<p>\u00abPelado\u00bb, al cabo de las tres jornadas del certamen que se cumplimentaron entre jueves y s\u00e1bado, solamente fue superado por el local Michal Stepan. Luego de Romitelli, quedaron el serbio Aleksa Popovic, mientras que cuarto fue el portugu\u00e9s Miguel Ramos y quinto el tambi\u00e9n argentino Juan Pablo Dur\u00e1n. Fueron 30 etapas, con unos 500 disparos.<\/p>\n<p><img loading=\"lazy\" decoding=\"async\" class=\"alignnone size-full wp-image-49223\" src=\"https:\/\/todoapulmon-rafaela.com\/wp-content\/uploads\/2024\/06\/Romitelli-Europeo-2024-scaled.jpg\" alt=\"\" width=\"1536\" height=\"2560\" srcset=\"https:\/\/todoapulmon-rafaela.com\/wp-content\/uploads\/2024\/06\/Romitelli-Europeo-2024-scaled.jpg 1536w, https:\/\/todoapulmon-rafaela.com\/wp-content\/uploads\/2024\/06\/Romitelli-Europeo-2024-180x300.jpg 180w, https:\/\/todoapulmon-rafaela.com\/wp-content\/uploads\/2024\/06\/Romitelli-Europeo-2024-900x1500.jpg 900w, https:\/\/todoapulmon-rafaela.com\/wp-content\/uploads\/2024\/06\/Romitelli-Europeo-2024-922x1536.jpg 922w, https:\/\/todoapulmon-rafaela.com\/wp-content\/uploads\/2024\/06\/Romitelli-Europeo-2024-1229x2048.jpg 1229w\" sizes=\"(max-width: 1536px) 100vw, 1536px\" \/><\/p>\n<p>En el campo de tiro de Hodonice, cerca de la ciudad de Znojmo en la Rep\u00fablica Checa, participaron un total de 1.093 competidores de 55 pa\u00edses, mientras que en la categor\u00eda de Romitelli fueron 215. Fueron preparados 30 escenarios atractivos, pero dif\u00edciles para los tiradores.<\/p>\n<p>\u00abEstoy contento por el resultado, pero a la vez enojado porque estuve muy cerca de ganarlo y comet\u00ed algunos errores que no me dejaron llevarme el triunfo. Es un buen indicio de donde estoy parado a nivel mundial, seguimos estando dentro de los cinco mejores del mundo, siendo este uno de los principales objetivos del a\u00f1o junto al Latinoamericano que va a ser en noviembre en C\u00f3rdoba\u00bb, nos cont\u00f3 Germ\u00e1n desde su estad\u00eda en Rep\u00fablica Checa.<\/p>\n<div style=\"width: 720px;\" class=\"wp-video\"><!--[if lt IE 9]><script>document.createElement('video');<\/script><![endif]-->\n<video class=\"wp-video-shortcode\" id=\"video-49186-1\" width=\"720\" height=\"1280\" preload=\"metadata\" controls=\"controls\"><source type=\"video\/mp4\" src=\"https:\/\/todoapulmon-rafaela.com\/wp-content\/uploads\/2024\/06\/VID-20240624-WA0002.mp4?_=1\" \/><a href=\"https:\/\/todoapulmon-rafaela.com\/wp-content\/uploads\/2024\/06\/VID-20240624-WA0002.mp4\">https:\/\/todoapulmon-rafaela.com\/wp-content\/uploads\/2024\/06\/VID-20240624-WA0002.mp4<\/a><\/video><\/div>\n<p>Luego acot\u00f3 que \u00abasi que ahora a destacar un poco, despu\u00e9s voy a encarar algunos viajes de trabajo de dar clases en M\u00e9xico y Brasil, para posteriormente empezar la preparaci\u00f3n para el Latinoamericano que al ser en casa va a ser otro lindo desaf\u00edo\u00bb.<\/p>\n<p>Cabe mencionar que el tirador rafaelino hab\u00eda sido tercero el a\u00f1o pasado en este mismo certamen, que se hab\u00eda desarrollado en Corinto, Grecia.<\/p>\n","protected":false},"excerpt":{"rendered":"<p>Un gran fin de semana tuvo el tirador rafaelino Germ\u00e1n Romitelli en Hodonice, Rep\u00fablica Checa, donde obtuvo el subcampeonato en<\/p>\n","protected":false},"author":2,"featured_media":49222,"comment_status":"closed","ping_status":"closed","sticky":false,"template":"","format":"standard","meta":{"footnotes":""},"categories":[24,19],"tags":[],"class_list":["post-49186","post","type-post","status-publish","format-standard","has-post-thumbnail","hentry","category-noticias-destacadas","category-tiro"],"cc_featured_image_caption":{"caption_text":"","source_text":"","source_url":""},"_links":{"self":[{"href":"https:\/\/todoapulmon-rafaela.com\/index.php\/wp-json\/wp\/v2\/posts\/49186"}],"collection":[{"href":"https:\/\/todoapulmon-rafaela.com\/index.php\/wp-json\/wp\/v2\/posts"}],"about":[{"href":"https:\/\/todoapulmon-rafaela.com\/index.php\/wp-json\/wp\/v2\/types\/post"}],"author":[{"embeddable":true,"href":"https:\/\/todoapulmon-rafaela.com\/index.php\/wp-json\/wp\/v2\/users\/2"}],"replies":[{"embeddable":true,"href":"https:\/\/todoapulmon-rafaela.com\/index.php\/wp-json\/wp\/v2\/comments?post=49186"}],"version-history":[{"count":7,"href":"https:\/\/todoapulmon-rafaela.com\/index.php\/wp-json\/wp\/v2\/posts\/49186\/revisions"}],"predecessor-version":[{"id":49226,"href":"https:\/\/todoapulmon-rafaela.com\/index.php\/wp-json\/wp\/v2\/posts\/49186\/revisions\/49226"}],"wp:featuredmedia":[{"embeddable":true,"href":"https:\/\/todoapulmon-rafaela.com\/index.php\/wp-json\/wp\/v2\/media\/49222"}],"wp:attachment":[{"href":"https:\/\/todoapulmon-rafaela.com\/index.php\/wp-json\/wp\/v2\/media?parent=49186"}],"wp:term":[{"taxonomy":"category","embeddable":true,"href":"https:\/\/todoapulmon-rafaela.com\/index.php\/wp-json\/wp\/v2\/categories?post=49186"},{"taxonomy":"post_tag","embeddable":true,"href":"https:\/\/todoapulmon-rafaela.com\/index.php\/wp-json\/wp\/v2\/tags?post=49186"}],"curies":[{"name":"wp","href":"https:\/\/api.w.org\/{rel}","templated":true}]}}