{"id":49173,"date":"2024-06-22T22:10:29","date_gmt":"2024-06-22T22:10:29","guid":{"rendered":"https:\/\/todoapulmon-rafaela.com\/?p=49173"},"modified":"2024-06-22T22:28:52","modified_gmt":"2024-06-22T22:28:52","slug":"sofia-fregona-logro-medalla-de-plata-en-los-1-500-metros","status":"publish","type":"post","link":"https:\/\/todoapulmon-rafaela.com\/index.php\/2024\/06\/22\/sofia-fregona-logro-medalla-de-plata-en-los-1-500-metros\/","title":{"rendered":"Sof\u00eda Fregona logr\u00f3 medalla de plata en los 1.500 metros"},"content":{"rendered":"<p>Una delegaci\u00f3n del CRAS de nuestra ciudad, con atletas del grupo a cargo de Ariel Magallanes y Roc\u00edo Donnet, participa este fin de semana en la Copa Nacional de Clubes U18 que tiene desarrollo en San Luis.<\/p>\n<p>Este s\u00e1bado fue el turno de la participaci\u00f3n de dos de las protagonistas rafaelinas en la prueba de 1.500 metros. Y Sof\u00eda Fregona tuvo una destacada performance obteniendo la medalla de plata con un registro de 5m 18s 97\/100, bajando 30 segundos su anterior registro en pista en esta distancia del mismo torneo el a\u00f1o pasado.<\/p>\n<p><img loading=\"lazy\" decoding=\"async\" class=\"alignnone size-full wp-image-49175\" src=\"https:\/\/todoapulmon-rafaela.com\/wp-content\/uploads\/2024\/06\/Fregona-Copa-San-Luis-U18-scaled.jpg\" alt=\"\" width=\"1440\" height=\"2560\" srcset=\"https:\/\/todoapulmon-rafaela.com\/wp-content\/uploads\/2024\/06\/Fregona-Copa-San-Luis-U18-scaled.jpg 1440w, https:\/\/todoapulmon-rafaela.com\/wp-content\/uploads\/2024\/06\/Fregona-Copa-San-Luis-U18-169x300.jpg 169w, https:\/\/todoapulmon-rafaela.com\/wp-content\/uploads\/2024\/06\/Fregona-Copa-San-Luis-U18-844x1500.jpg 844w, https:\/\/todoapulmon-rafaela.com\/wp-content\/uploads\/2024\/06\/Fregona-Copa-San-Luis-U18-864x1536.jpg 864w, https:\/\/todoapulmon-rafaela.com\/wp-content\/uploads\/2024\/06\/Fregona-Copa-San-Luis-U18-1152x2048.jpg 1152w\" sizes=\"(max-width: 1440px) 100vw, 1440px\" \/><\/p>\n<p>La ganadora de la competencia fue Ornella Aimetta (VALPA) con 5m 07s 28, en tanto que el tercer puesto fue para Melany Reguera (EMACO ASCER). Por su parte, la tambi\u00e9n rafaelina Mar\u00eda Constanza Leonardi qued\u00f3 und\u00e9cima con un tiempo de 5m 48s 24.<\/p>\n","protected":false},"excerpt":{"rendered":"<p>Una delegaci\u00f3n del CRAS de nuestra ciudad, con atletas del grupo a cargo de Ariel Magallanes y Roc\u00edo Donnet, participa<\/p>\n","protected":false},"author":2,"featured_media":49177,"comment_status":"closed","ping_status":"closed","sticky":false,"template":"","format":"standard","meta":{"footnotes":""},"categories":[7,24],"tags":[],"class_list":["post-49173","post","type-post","status-publish","format-standard","has-post-thumbnail","hentry","category-atletismo","category-noticias-destacadas"],"cc_featured_image_caption":{"caption_text":"","source_text":"","source_url":""},"_links":{"self":[{"href":"https:\/\/todoapulmon-rafaela.com\/index.php\/wp-json\/wp\/v2\/posts\/49173"}],"collection":[{"href":"https:\/\/todoapulmon-rafaela.com\/index.php\/wp-json\/wp\/v2\/posts"}],"about":[{"href":"https:\/\/todoapulmon-rafaela.com\/index.php\/wp-json\/wp\/v2\/types\/post"}],"author":[{"embeddable":true,"href":"https:\/\/todoapulmon-rafaela.com\/index.php\/wp-json\/wp\/v2\/users\/2"}],"replies":[{"embeddable":true,"href":"https:\/\/todoapulmon-rafaela.com\/index.php\/wp-json\/wp\/v2\/comments?post=49173"}],"version-history":[{"count":1,"href":"https:\/\/todoapulmon-rafaela.com\/index.php\/wp-json\/wp\/v2\/posts\/49173\/revisions"}],"predecessor-version":[{"id":49176,"href":"https:\/\/todoapulmon-rafaela.com\/index.php\/wp-json\/wp\/v2\/posts\/49173\/revisions\/49176"}],"wp:featuredmedia":[{"embeddable":true,"href":"https:\/\/todoapulmon-rafaela.com\/index.php\/wp-json\/wp\/v2\/media\/49177"}],"wp:attachment":[{"href":"https:\/\/todoapulmon-rafaela.com\/index.php\/wp-json\/wp\/v2\/media?parent=49173"}],"wp:term":[{"taxonomy":"category","embeddable":true,"href":"https:\/\/todoapulmon-rafaela.com\/index.php\/wp-json\/wp\/v2\/categories?post=49173"},{"taxonomy":"post_tag","embeddable":true,"href":"https:\/\/todoapulmon-rafaela.com\/index.php\/wp-json\/wp\/v2\/tags?post=49173"}],"curies":[{"name":"wp","href":"https:\/\/api.w.org\/{rel}","templated":true}]}}