{"id":49148,"date":"2024-06-20T22:36:33","date_gmt":"2024-06-20T22:36:33","guid":{"rendered":"https:\/\/todoapulmon-rafaela.com\/?p=49148"},"modified":"2024-06-20T22:36:33","modified_gmt":"2024-06-20T22:36:33","slug":"el-voley-a-los-juegos-olimpicos","status":"publish","type":"post","link":"https:\/\/todoapulmon-rafaela.com\/index.php\/2024\/06\/20\/el-voley-a-los-juegos-olimpicos\/","title":{"rendered":"El voley a los Juegos Ol\u00edmpicos!!"},"content":{"rendered":"<p>La selecci\u00f3n argentina de voley masculino podr\u00e1 tener la oportunidad de defender el bronce ol\u00edmpico. El equipo que dirige Marcelo M\u00e9ndez lo empez\u00f3 a obtener con esfuerzo propio, o sea ganando su segundo partido del week 3 de la VNL en Eslovenia, barrida a Turqu\u00eda en el primer turno del d\u00eda 3 a 0 (25-17, 25-19 y 25-20). Y luego se benefici\u00f3 de la derrota de Cuba ante los eslovenos por 3-2 (25-22, 20-25, 25-21, 29-31 y 15-8).<\/p>\n<p>As\u00ed, a los cubanos, quienes peleaban un lugar con los argentinos, no les alcanzar\u00e1 para sacarlos de la pelea, con una diferencia de 53,07 puntos en el ranking.Argentina consigui\u00f3 su boleto a partir de su posici\u00f3n en el ranking de la FIVB, octava, a la cual Cuba, duod\u00e9cima, ya no puede aspirar porque no le dan los n\u00fameros ni con dos triunfos suyos y dos ca\u00eddas de la Selecci\u00f3n (ambos enfrentan a la floja Bulgaria y la poderosa Polonia).<\/p>\n<p>La participaci\u00f3n de la Albiceleste en la VNL continuar\u00e1 este viernes, frente a Polonia, una de las potencias de este deporte y a partir de las 8.00. Los pupilos de M\u00e9ndez completar\u00e1n la ventana eslovena el s\u00e1bado ante Bulgaria.<\/p>\n<p>Para clasificarse a la cita ol\u00edmpica,<strong>\u00a0<\/strong>Argentina deb\u00eda quedar entre los mejores cuatro combinados del ranking mundial, en el que actualmente est\u00e1 novena, y lo confirm\u00f3 este jueves. No se ten\u00edan en cuenta los equipos que ya est\u00e1n clasificados a la cita ol\u00edmpica, como el local Francia, Alemania, Brasil, Estados Unidos, Jap\u00f3n, Polonia y Canad\u00e1. Una quinta plaza ser\u00e1 para un equipo de \u00c1frica, el mejor posicionado en el escalaf\u00f3n internacional.<\/p>\n","protected":false},"excerpt":{"rendered":"<p>La selecci\u00f3n argentina de voley masculino podr\u00e1 tener la oportunidad de defender el bronce ol\u00edmpico. El equipo que dirige Marcelo<\/p>\n","protected":false},"author":2,"featured_media":49149,"comment_status":"closed","ping_status":"closed","sticky":false,"template":"","format":"standard","meta":{"footnotes":""},"categories":[24,16],"tags":[],"class_list":["post-49148","post","type-post","status-publish","format-standard","has-post-thumbnail","hentry","category-noticias-destacadas","category-voley"],"cc_featured_image_caption":{"caption_text":"FOTO FEVA","source_text":"","source_url":""},"_links":{"self":[{"href":"https:\/\/todoapulmon-rafaela.com\/index.php\/wp-json\/wp\/v2\/posts\/49148"}],"collection":[{"href":"https:\/\/todoapulmon-rafaela.com\/index.php\/wp-json\/wp\/v2\/posts"}],"about":[{"href":"https:\/\/todoapulmon-rafaela.com\/index.php\/wp-json\/wp\/v2\/types\/post"}],"author":[{"embeddable":true,"href":"https:\/\/todoapulmon-rafaela.com\/index.php\/wp-json\/wp\/v2\/users\/2"}],"replies":[{"embeddable":true,"href":"https:\/\/todoapulmon-rafaela.com\/index.php\/wp-json\/wp\/v2\/comments?post=49148"}],"version-history":[{"count":1,"href":"https:\/\/todoapulmon-rafaela.com\/index.php\/wp-json\/wp\/v2\/posts\/49148\/revisions"}],"predecessor-version":[{"id":49150,"href":"https:\/\/todoapulmon-rafaela.com\/index.php\/wp-json\/wp\/v2\/posts\/49148\/revisions\/49150"}],"wp:featuredmedia":[{"embeddable":true,"href":"https:\/\/todoapulmon-rafaela.com\/index.php\/wp-json\/wp\/v2\/media\/49149"}],"wp:attachment":[{"href":"https:\/\/todoapulmon-rafaela.com\/index.php\/wp-json\/wp\/v2\/media?parent=49148"}],"wp:term":[{"taxonomy":"category","embeddable":true,"href":"https:\/\/todoapulmon-rafaela.com\/index.php\/wp-json\/wp\/v2\/categories?post=49148"},{"taxonomy":"post_tag","embeddable":true,"href":"https:\/\/todoapulmon-rafaela.com\/index.php\/wp-json\/wp\/v2\/tags?post=49148"}],"curies":[{"name":"wp","href":"https:\/\/api.w.org\/{rel}","templated":true}]}}