{"id":49134,"date":"2024-06-19T20:18:29","date_gmt":"2024-06-19T20:18:29","guid":{"rendered":"https:\/\/todoapulmon-rafaela.com\/?p=49134"},"modified":"2024-06-19T20:30:02","modified_gmt":"2024-06-19T20:30:02","slug":"convocatoria-para-vivas-y-rubiolo-en-la-ventana-de-julio","status":"publish","type":"post","link":"https:\/\/todoapulmon-rafaela.com\/index.php\/2024\/06\/19\/convocatoria-para-vivas-y-rubiolo-en-la-ventana-de-julio\/","title":{"rendered":"Convocatoria para Vivas y Rubiolo en la Ventana de julio"},"content":{"rendered":"<p>La cuenta regresiva para volver a ver a Los Pumas en el pa\u00eds se consume r\u00e1pidamente. Falta menos de un mes para el debut ante Francia en Mendoza (6 de julio a las 16 horas) en lo que ser\u00e1 el primer compromiso de la Ventana Internacional de Julio.<\/p>\n<p>El seleccionado nacional volver\u00e1 a disputar un partido oficial tras su participaci\u00f3n en la Copa del Mundo de Francia 2023, en la que finaliz\u00f3 en el cuarto puesto. Completan los partidos de la ventana la revancha con Francia en Buenos Aires (13 de julio a las 16 horas en V\u00e9lez Sarsfield) y el partido con Uruguay en el Campus de Maldonado (20 de julio a las 16 horas). Para dichos encuentros, Felipe Contepomi, head coach de Los Pumas, dispuso un plantel de 34 jugadores los cuales se reunir\u00e1n en Mendoza a finales de junio y en el que volver\u00e1n a estar los rafaelinos Mayco Vivas y Pedro Rubiolo.<\/p>\n<p>Respecto a la convocatoria para la ventana de julio, Felipe Contepomi coment\u00f3 lo siguiente: \u201cEste a\u00f1o es el punto de partida de un nuevo ciclo mundialista que tiene como principal objetivo la Copa del Mundo Australia 2027. Tenemos un gran desaf\u00edo por delante con partidos muy desafiantes y lo asumimos con mucho entusiasmo, responsabilidad y compromiso. Nuestro foco est\u00e1 puesto en el corto, mediano y largo plazo, y es por eso que buscaremos armar un plantel que responda a cada una de las instancias. Para esta Ventana Internacional conformamos una lista de 34 jugadores, que incluye la participaci\u00f3n de dos j\u00f3venes que se suman en car\u00e1cter de desarrollo. Creemos que es muy importante darle rodaje a los j\u00f3venes talentos para que se entrenen con el plantel en miras al futuro. A su vez, otro aspecto clave y en el que haremos mucho hincapi\u00e9 es en la recuperaci\u00f3n de los jugadores, y es por eso que varios tendr\u00e1n descanso y ser\u00e1n parte de la rotaci\u00f3n del plantel para los dem\u00e1s compromisos del a\u00f1o (el Rugby Championship y la Ventana de Noviembre)\u201d.<\/p>\n<p>Entre los elegidos, hay cuatro jugadores que a\u00fan no poseen caps con el seleccionado: Francisco Coria Marchetti, de Brive (Francia); Bautista Pedemonte, jugador de Vannes (Francia) quien ya estuvo en el radar de Los Pumas anteriormente pero no posee caps; Franco Molina y Mateo Soler de Dogos XV, la franquicia de C\u00f3rdoba que disputa el S\u00faper Rugby Am\u00e9ricas (recordemos que Molina fue citado al reciente Camp de Londres en marzo de este a\u00f1o).<\/p>\n<p>A ellos se le suman los dos jugadores de desarrollo, Bautista Bernasconi, que milita en Benetton Treviso (Italia); y Joaqu\u00edn Moro, jugador de Pampas, la franquicia de Buenos Aires que disputa el S\u00faper Rugby Am\u00e9ricas.<\/p>\n<p>A continuaci\u00f3n, la n\u00f3mina de 34 jugadores para la Ventana Internacional de Julio 2024:<\/p>\n<ol>\n<li><strong>ALBORNOZ<\/strong>, Tom\u00e1s (5 caps)<\/li>\n<li><strong>ALEMANNO<\/strong>, Mat\u00edas (94 caps)<\/li>\n<li><strong>BAZ\u00c1N V\u00c9LEZ<\/strong>, Lautaro (13 caps)<\/li>\n<li><strong>BELLO<\/strong>, Eduardo (21 caps)<\/li>\n<li><strong>BERNASCONI<\/strong>, Bautista (sin caps) *<\/li>\n<li><strong>BERTRANOU<\/strong>, Gonzalo (57 caps)<\/li>\n<li><strong>BOGADO<\/strong>, Mart\u00edn (3 caps)<\/li>\n<li><strong>CALLES<\/strong>, Ignacio (2 caps)<\/li>\n<li><strong>CARRERAS<\/strong>, Mateo (17 caps)<\/li>\n<li><strong>CARRERAS<\/strong>, Santiago (42 caps)<\/li>\n<li><strong>CHOCOBARES<\/strong>, Santiago (19 caps)<\/li>\n<li><strong>CORDERO<\/strong>, Santiago (50 caps)<\/li>\n<li><strong>CORIA MARCHETTI<\/strong>, Francisco (sin caps)<\/li>\n<li><strong>DE LA FUENTE<\/strong>, Jer\u00f3nimo (78 caps)<\/li>\n<li><strong>DELGUY<\/strong>, Bautista (25 caps)<\/li>\n<li><strong>GALLO<\/strong>, Thomas (23 caps)<\/li>\n<li><strong>GARC\u00cdA<\/strong>, Gonzalo (3 caps)<\/li>\n<li><strong>GRONDONA<\/strong>, Santiago (15 caps)<\/li>\n<li><strong>KREMER<\/strong>, Marcos (64 caps)<\/li>\n<li><strong>MATERA<\/strong>, Pablo (98 caps)<\/li>\n<li><strong>MENDY<\/strong>, Ignacio (1 cap)<\/li>\n<li><strong>MOLINA<\/strong>, Franco (sin caps)<\/li>\n<li><strong>MONTOYA<\/strong>, Juli\u00e1n (95 caps)<\/li>\n<li><strong>MORO<\/strong>, Joaqu\u00edn (sin caps) *<\/li>\n<li><strong>MORONI<\/strong>, Mat\u00edas (80 caps)<\/li>\n<li><strong>ORLANDO<\/strong>, Mat\u00edas (58 caps)<\/li>\n<li><strong>OVIEDO<\/strong>, Joaqu\u00edn (2 caps)<\/li>\n<li><strong>PAULOS<\/strong>, Lucas (12 caps)<\/li>\n<li><strong>PEDEMONTE<\/strong>, Bautista (sin caps)<\/li>\n<li><strong>RUBIOLO,<\/strong>\u00a0Pedro (10 caps)<\/li>\n<li><strong>RUIZ,<\/strong>\u00a0Ignacio (7 caps)<\/li>\n<li><strong>SOLER<\/strong>, Mateo (sin caps)<\/li>\n<li><strong>SORDONI<\/strong>, Lucio (5 caps)<\/li>\n<li><strong>VIVAS<\/strong>, Mayco (21 caps)<\/li>\n<\/ol>\n<p>*Jugador desarrollo<\/p>\n<p>A continuaci\u00f3n, el fixture y el detalle de los \u00e1rbitros para los partidos de julio:<\/p>\n<p><strong>6 de julio \u2013 Los Pumas vs Francia (Mendoza) \u2013 16:00 hs<\/strong><\/p>\n<p><strong>\u00c1rbitro<\/strong>: Chris Busby (IRFU)<\/p>\n<p><strong>13 de julio \u2013 Los Pumas vs Francia (V\u00e9lez) \u2013 16:00 hs<\/strong><\/p>\n<p><strong>\u00c1rbitro<\/strong>: Andrew Brace (IRFU)<\/p>\n<p><strong>20 de julio \u2013 Uruguay vs Los Pumas (Campus de Maldonado) \u2013 16:00 hs<\/strong><\/p>\n<p><strong>\u00c1rbitro<\/strong>: Luc Ramos (FFR).<\/p>\n<p>Fuente: UAR.<\/p>\n","protected":false},"excerpt":{"rendered":"<p>La cuenta regresiva para volver a ver a Los Pumas en el pa\u00eds se consume r\u00e1pidamente. Falta menos de un<\/p>\n","protected":false},"author":2,"featured_media":49136,"comment_status":"closed","ping_status":"closed","sticky":false,"template":"","format":"standard","meta":{"footnotes":""},"categories":[24,2],"tags":[],"class_list":["post-49134","post","type-post","status-publish","format-standard","has-post-thumbnail","hentry","category-noticias-destacadas","category-rugby"],"cc_featured_image_caption":{"caption_text":"","source_text":"","source_url":""},"_links":{"self":[{"href":"https:\/\/todoapulmon-rafaela.com\/index.php\/wp-json\/wp\/v2\/posts\/49134"}],"collection":[{"href":"https:\/\/todoapulmon-rafaela.com\/index.php\/wp-json\/wp\/v2\/posts"}],"about":[{"href":"https:\/\/todoapulmon-rafaela.com\/index.php\/wp-json\/wp\/v2\/types\/post"}],"author":[{"embeddable":true,"href":"https:\/\/todoapulmon-rafaela.com\/index.php\/wp-json\/wp\/v2\/users\/2"}],"replies":[{"embeddable":true,"href":"https:\/\/todoapulmon-rafaela.com\/index.php\/wp-json\/wp\/v2\/comments?post=49134"}],"version-history":[{"count":1,"href":"https:\/\/todoapulmon-rafaela.com\/index.php\/wp-json\/wp\/v2\/posts\/49134\/revisions"}],"predecessor-version":[{"id":49135,"href":"https:\/\/todoapulmon-rafaela.com\/index.php\/wp-json\/wp\/v2\/posts\/49134\/revisions\/49135"}],"wp:featuredmedia":[{"embeddable":true,"href":"https:\/\/todoapulmon-rafaela.com\/index.php\/wp-json\/wp\/v2\/media\/49136"}],"wp:attachment":[{"href":"https:\/\/todoapulmon-rafaela.com\/index.php\/wp-json\/wp\/v2\/media?parent=49134"}],"wp:term":[{"taxonomy":"category","embeddable":true,"href":"https:\/\/todoapulmon-rafaela.com\/index.php\/wp-json\/wp\/v2\/categories?post=49134"},{"taxonomy":"post_tag","embeddable":true,"href":"https:\/\/todoapulmon-rafaela.com\/index.php\/wp-json\/wp\/v2\/tags?post=49134"}],"curies":[{"name":"wp","href":"https:\/\/api.w.org\/{rel}","templated":true}]}}