{"id":4912,"date":"2017-03-09T02:49:28","date_gmt":"2017-03-09T02:49:28","guid":{"rendered":"http:\/\/todoapulmon-rafaela.com\/?p=4912"},"modified":"2017-03-09T02:49:28","modified_gmt":"2017-03-09T02:49:28","slug":"dias-y-horarios-del-basquet-formativo-de-atletico","status":"publish","type":"post","link":"https:\/\/todoapulmon-rafaela.com\/index.php\/2017\/03\/09\/dias-y-horarios-del-basquet-formativo-de-atletico\/","title":{"rendered":"D\u00edas y horarios del basquet Formativo de Atl\u00e9tico"},"content":{"rendered":"<p>A partir del mes de enero el B\u00e1squet de Atl\u00e9tico de Rafaela comenz\u00f3 a pleno con las divisiones formativas en busca de la mejor preparaci\u00f3n para este 2017. Lo mismo hizo el Minibasquet desde febrero.<br \/>\nLa actividad de la Asociaci\u00f3n Rafaelina comenzar\u00e1 el s\u00e1bado 25 de marzo. El cuerpo t\u00e9cnico est\u00e1 conformado por Sim\u00f3n Giussani, Lucas Baudino, Diego Romera y Gerardo Velazco.<br \/>\nLos d\u00edas de entrenamientos son: <strong>Escuelita:<\/strong> martes y jueves de 18 a 19 hs.<br \/>\n<strong>Premini y Mini: <\/strong>lunes, mi\u00e9rcoles y viernes de 18 a 19:30.<br \/>\n<strong>U13:<\/strong> de lunes a viernes de 18 a 19.<br \/>\n<strong>U15:<\/strong> de lunes a viernes de 19 a 20.<br \/>\n<strong>U17:<\/strong> de lunes a viernes de 20 a 21.<\/p>\n","protected":false},"excerpt":{"rendered":"<p>A partir del mes de enero el B\u00e1squet de Atl\u00e9tico de Rafaela comenz\u00f3 a pleno con las divisiones formativas en<\/p>\n","protected":false},"author":2,"featured_media":4913,"comment_status":"open","ping_status":"open","sticky":false,"template":"","format":"standard","meta":{"footnotes":""},"categories":[5],"tags":[],"class_list":["post-4912","post","type-post","status-publish","format-standard","has-post-thumbnail","hentry","category-basquet"],"cc_featured_image_caption":{"caption_text":"Sim\u00f3n Giussani, Lucas Baudino, Gerardo Velazco y Diego Romera, el cuerpo t\u00e9cnico del basquet celeste.","source_text":"","source_url":""},"_links":{"self":[{"href":"https:\/\/todoapulmon-rafaela.com\/index.php\/wp-json\/wp\/v2\/posts\/4912"}],"collection":[{"href":"https:\/\/todoapulmon-rafaela.com\/index.php\/wp-json\/wp\/v2\/posts"}],"about":[{"href":"https:\/\/todoapulmon-rafaela.com\/index.php\/wp-json\/wp\/v2\/types\/post"}],"author":[{"embeddable":true,"href":"https:\/\/todoapulmon-rafaela.com\/index.php\/wp-json\/wp\/v2\/users\/2"}],"replies":[{"embeddable":true,"href":"https:\/\/todoapulmon-rafaela.com\/index.php\/wp-json\/wp\/v2\/comments?post=4912"}],"version-history":[{"count":1,"href":"https:\/\/todoapulmon-rafaela.com\/index.php\/wp-json\/wp\/v2\/posts\/4912\/revisions"}],"predecessor-version":[{"id":4914,"href":"https:\/\/todoapulmon-rafaela.com\/index.php\/wp-json\/wp\/v2\/posts\/4912\/revisions\/4914"}],"wp:featuredmedia":[{"embeddable":true,"href":"https:\/\/todoapulmon-rafaela.com\/index.php\/wp-json\/wp\/v2\/media\/4913"}],"wp:attachment":[{"href":"https:\/\/todoapulmon-rafaela.com\/index.php\/wp-json\/wp\/v2\/media?parent=4912"}],"wp:term":[{"taxonomy":"category","embeddable":true,"href":"https:\/\/todoapulmon-rafaela.com\/index.php\/wp-json\/wp\/v2\/categories?post=4912"},{"taxonomy":"post_tag","embeddable":true,"href":"https:\/\/todoapulmon-rafaela.com\/index.php\/wp-json\/wp\/v2\/tags?post=4912"}],"curies":[{"name":"wp","href":"https:\/\/api.w.org\/{rel}","templated":true}]}}