{"id":49060,"date":"2024-06-16T14:17:06","date_gmt":"2024-06-16T14:17:06","guid":{"rendered":"https:\/\/todoapulmon-rafaela.com\/?p=49060"},"modified":"2024-06-16T14:24:32","modified_gmt":"2024-06-16T14:24:32","slug":"libertad-e-independiente-de-ataliva-a-la-final-regional-en-u15","status":"publish","type":"post","link":"https:\/\/todoapulmon-rafaela.com\/index.php\/2024\/06\/16\/libertad-e-independiente-de-ataliva-a-la-final-regional-en-u15\/","title":{"rendered":"Libertad e Independiente de Ataliva a la final Regional en U15"},"content":{"rendered":"<p>Este s\u00e1bado se disput\u00f3 la tercera fase del Torneo Regional U15 CAB para la rama femenina. En el \u00abHogar de los Tigres\u00bb, las aurinegras vencieron a Atl\u00e9tico Tostado y a Alma Juniors de Esperanza.<\/p>\n<p>De esta manera, las Tigresas se mantienen invictas con diez triunfos en igual cantidad de presentaciones y sacaron pasaje al Final Four del Torneo Regional. Adem\u00e1s, lograron la clasificaci\u00f3n a la Liga Federal de B\u00e1squet de la categor\u00eda.<\/p>\n<p>Resultados 3era fase:<\/p>\n<p>Libertad 53 \u2013 Atl. Tostado 35<\/p>\n<p>Libertad 49 \u2013 Alma Juniors 27<\/p>\n<p><strong>TAMBIEN ATALIVA<\/strong><\/p>\n<p>Independiente de Ataliva tambi\u00e9n se meti\u00f3 en la final Regional de U15 y la Liga Federal Formativa, saliendo airoso en el Polideportivo Pasi\u00f3n Roja frente a Paganini Alumni por 50 a 39 y frente a San Lorenzo de Tostado por 45 a 43.<\/p>\n<p><img loading=\"lazy\" decoding=\"async\" class=\"alignnone size-full wp-image-49063\" src=\"https:\/\/todoapulmon-rafaela.com\/wp-content\/uploads\/2024\/06\/Screenshot_20240616-102440_Instagram.jpg\" alt=\"\" width=\"716\" height=\"367\" srcset=\"https:\/\/todoapulmon-rafaela.com\/wp-content\/uploads\/2024\/06\/Screenshot_20240616-102440_Instagram.jpg 716w, https:\/\/todoapulmon-rafaela.com\/wp-content\/uploads\/2024\/06\/Screenshot_20240616-102440_Instagram-300x154.jpg 300w\" sizes=\"(max-width: 716px) 100vw, 716px\" \/><\/p>\n<p>El elenco atalivense, en tanto no pudo seguir en U21 ya que en Santa Fe perdi\u00f3 ante Santa Rosa 75 a 50 y frente a Talleres de Villa Gobernador G\u00e1lvez por 64 a 38.<\/p>\n","protected":false},"excerpt":{"rendered":"<p>Este s\u00e1bado se disput\u00f3 la tercera fase del Torneo Regional U15 CAB para la rama femenina. En el \u00abHogar de<\/p>\n","protected":false},"author":2,"featured_media":49061,"comment_status":"closed","ping_status":"closed","sticky":false,"template":"","format":"standard","meta":{"footnotes":""},"categories":[5],"tags":[],"class_list":["post-49060","post","type-post","status-publish","format-standard","has-post-thumbnail","hentry","category-basquet"],"cc_featured_image_caption":{"caption_text":"","source_text":"","source_url":""},"_links":{"self":[{"href":"https:\/\/todoapulmon-rafaela.com\/index.php\/wp-json\/wp\/v2\/posts\/49060"}],"collection":[{"href":"https:\/\/todoapulmon-rafaela.com\/index.php\/wp-json\/wp\/v2\/posts"}],"about":[{"href":"https:\/\/todoapulmon-rafaela.com\/index.php\/wp-json\/wp\/v2\/types\/post"}],"author":[{"embeddable":true,"href":"https:\/\/todoapulmon-rafaela.com\/index.php\/wp-json\/wp\/v2\/users\/2"}],"replies":[{"embeddable":true,"href":"https:\/\/todoapulmon-rafaela.com\/index.php\/wp-json\/wp\/v2\/comments?post=49060"}],"version-history":[{"count":2,"href":"https:\/\/todoapulmon-rafaela.com\/index.php\/wp-json\/wp\/v2\/posts\/49060\/revisions"}],"predecessor-version":[{"id":49064,"href":"https:\/\/todoapulmon-rafaela.com\/index.php\/wp-json\/wp\/v2\/posts\/49060\/revisions\/49064"}],"wp:featuredmedia":[{"embeddable":true,"href":"https:\/\/todoapulmon-rafaela.com\/index.php\/wp-json\/wp\/v2\/media\/49061"}],"wp:attachment":[{"href":"https:\/\/todoapulmon-rafaela.com\/index.php\/wp-json\/wp\/v2\/media?parent=49060"}],"wp:term":[{"taxonomy":"category","embeddable":true,"href":"https:\/\/todoapulmon-rafaela.com\/index.php\/wp-json\/wp\/v2\/categories?post=49060"},{"taxonomy":"post_tag","embeddable":true,"href":"https:\/\/todoapulmon-rafaela.com\/index.php\/wp-json\/wp\/v2\/tags?post=49060"}],"curies":[{"name":"wp","href":"https:\/\/api.w.org\/{rel}","templated":true}]}}