{"id":48920,"date":"2024-06-11T12:14:07","date_gmt":"2024-06-11T12:14:07","guid":{"rendered":"https:\/\/todoapulmon-rafaela.com\/?p=48920"},"modified":"2024-06-11T12:22:03","modified_gmt":"2024-06-11T12:22:03","slug":"jornada-en-rafaela-de-formar-potenciando-deportistas","status":"publish","type":"post","link":"https:\/\/todoapulmon-rafaela.com\/index.php\/2024\/06\/11\/jornada-en-rafaela-de-formar-potenciando-deportistas\/","title":{"rendered":"Jornada en Rafaela de \u00abFormar + Potenciando Deportistas\u00bb"},"content":{"rendered":"<p>Este martes se realizar\u00e1 en el Centro Metropolitano La Estaci\u00f3n (Roque S\u00e1enz Pe\u00f1a 502) una charla del programa \u00abFormar + Potenciando Deportistas\u00bb, organizada por la Secretar\u00eda de Deportes de la Provincia, dependiente del Ministerio de Igualdad y Desarrollo Humano.<\/p>\n<p>La misma est\u00e1 destinada a Dirigentes Deportivos, Profesores de Educaci\u00f3n F\u00edsica, Equipos Interdisciplinarios de Federaciones, Asociaciones, Clubes, Deportistas y RR.HH. relacionados con la docencia en deportes Federados.<\/p>\n<p>JORNADA FORMAR + POTENCIANDO DEPORTISTAS<\/p>\n<p>PROGRAMA<\/p>\n<p>20:00 a 20:15 &#8211; Acreditaciones<br \/>\n20:15 a 20:30 &#8211; Presentaci\u00f3n de la Jornada y Bienvenida a cargo de las Autoridades.<br \/>\n20:30 a 21:30 &#8211; Exposici\u00f3n a cargo del Equipo Profesional del CE.ME.DEP &#8211; Intercambio entre expositores y asistentes.<br \/>\nTEMARIO<br \/>\n\u2212 Presentaci\u00f3n del CEMEDEP<br \/>\n\u2212 Prevenci\u00f3n de lesiones. Modelo de programas preventivos en el deporte<br \/>\n\u2212 Importancia de la nutrici\u00f3n deportiva en el mediano y alto rendimiento<br \/>\n\u2212 An\u00e1lisis de perfiles deportivos y toma de decisiones<br \/>\n\u2212 \u00bfQu\u00e9 necesitan nuestros deportistas hoy? Una mirada desde la psicolog\u00eda del deporte<\/p>\n<p>Consultas: CEMEDEP -Santa Fe- Ra\u00fal Tacca 600- 342-4591783.<\/p>\n<p><a href=\"https:\/\/docs.google.com\/forms\/d\/e\/1FAIpQLScRbBoV0YFRCkctET1FUG_IXMaI4gTZCm-8rRF53ddDTt_hcA\/viewform\">https:\/\/docs.google.com\/forms\/d\/e\/1FAIpQLScRbBoV0YFRCkctET1FUG_IXMaI4gTZCm-8rRF53ddDTt_hcA\/viewform<\/a><\/p>\n<p><img loading=\"lazy\" decoding=\"async\" class=\"alignnone size-full wp-image-48922\" src=\"https:\/\/todoapulmon-rafaela.com\/wp-content\/uploads\/2024\/06\/Disertantes.jpg\" alt=\"\" width=\"689\" height=\"1280\" srcset=\"https:\/\/todoapulmon-rafaela.com\/wp-content\/uploads\/2024\/06\/Disertantes.jpg 689w, https:\/\/todoapulmon-rafaela.com\/wp-content\/uploads\/2024\/06\/Disertantes-161x300.jpg 161w\" sizes=\"(max-width: 689px) 100vw, 689px\" \/><\/p>\n<p><img loading=\"lazy\" decoding=\"async\" class=\"alignnone size-full wp-image-48921\" src=\"https:\/\/todoapulmon-rafaela.com\/wp-content\/uploads\/2024\/06\/Disertantes1.jpg\" alt=\"\" width=\"1170\" height=\"1032\" srcset=\"https:\/\/todoapulmon-rafaela.com\/wp-content\/uploads\/2024\/06\/Disertantes1.jpg 1170w, https:\/\/todoapulmon-rafaela.com\/wp-content\/uploads\/2024\/06\/Disertantes1-300x265.jpg 300w\" sizes=\"(max-width: 1170px) 100vw, 1170px\" \/><\/p>\n","protected":false},"excerpt":{"rendered":"<p>Este martes se realizar\u00e1 en el Centro Metropolitano La Estaci\u00f3n (Roque S\u00e1enz Pe\u00f1a 502) una charla del programa \u00abFormar +<\/p>\n","protected":false},"author":2,"featured_media":48923,"comment_status":"closed","ping_status":"closed","sticky":false,"template":"","format":"standard","meta":{"footnotes":""},"categories":[1],"tags":[],"class_list":["post-48920","post","type-post","status-publish","format-standard","has-post-thumbnail","hentry","category-sin-categoria"],"cc_featured_image_caption":{"caption_text":"","source_text":"","source_url":""},"_links":{"self":[{"href":"https:\/\/todoapulmon-rafaela.com\/index.php\/wp-json\/wp\/v2\/posts\/48920"}],"collection":[{"href":"https:\/\/todoapulmon-rafaela.com\/index.php\/wp-json\/wp\/v2\/posts"}],"about":[{"href":"https:\/\/todoapulmon-rafaela.com\/index.php\/wp-json\/wp\/v2\/types\/post"}],"author":[{"embeddable":true,"href":"https:\/\/todoapulmon-rafaela.com\/index.php\/wp-json\/wp\/v2\/users\/2"}],"replies":[{"embeddable":true,"href":"https:\/\/todoapulmon-rafaela.com\/index.php\/wp-json\/wp\/v2\/comments?post=48920"}],"version-history":[{"count":4,"href":"https:\/\/todoapulmon-rafaela.com\/index.php\/wp-json\/wp\/v2\/posts\/48920\/revisions"}],"predecessor-version":[{"id":48927,"href":"https:\/\/todoapulmon-rafaela.com\/index.php\/wp-json\/wp\/v2\/posts\/48920\/revisions\/48927"}],"wp:featuredmedia":[{"embeddable":true,"href":"https:\/\/todoapulmon-rafaela.com\/index.php\/wp-json\/wp\/v2\/media\/48923"}],"wp:attachment":[{"href":"https:\/\/todoapulmon-rafaela.com\/index.php\/wp-json\/wp\/v2\/media?parent=48920"}],"wp:term":[{"taxonomy":"category","embeddable":true,"href":"https:\/\/todoapulmon-rafaela.com\/index.php\/wp-json\/wp\/v2\/categories?post=48920"},{"taxonomy":"post_tag","embeddable":true,"href":"https:\/\/todoapulmon-rafaela.com\/index.php\/wp-json\/wp\/v2\/tags?post=48920"}],"curies":[{"name":"wp","href":"https:\/\/api.w.org\/{rel}","templated":true}]}}