{"id":4881,"date":"2017-03-06T13:21:47","date_gmt":"2017-03-06T13:21:47","guid":{"rendered":"http:\/\/todoapulmon-rafaela.com\/?p=4881"},"modified":"2017-03-06T13:37:49","modified_gmt":"2017-03-06T13:37:49","slug":"destacados-desempenos-en-la-prueba-santa-fe-comercio","status":"publish","type":"post","link":"https:\/\/todoapulmon-rafaela.com\/index.php\/2017\/03\/06\/destacados-desempenos-en-la-prueba-santa-fe-comercio\/","title":{"rendered":"Destacados desempe\u00f1os en la prueba \u00abSanta Fe Comercio\u00bb"},"content":{"rendered":"<p>El s\u00e1bado se corri\u00f3 en la capital provincial la prueba pedestre \u00abSanta Fe Comercio\u00bb, sobre 10 y 15 kil\u00f3metros, en la cual hubo una meritoria actuaci\u00f3n de representantes de nuestra ciudad.<\/p>\n<p>En la competencia de 10.000 metros, Ezequiel Tello fue octavo en la clasificaci\u00f3n general con un tiempo de 30m38s y gan\u00f3 su categor\u00eda de 25 a 29 a\u00f1os. El ganador de la general fue F\u00e9lix Maydana (Santa Elena) con 28m47s.<\/p>\n<p>Otro runner rafaelino que gan\u00f3 su divisi\u00f3n en la mencionada distancia fue Marcelo Trinkard, en 35 a 39 a\u00f1os con un registro de 33m50s.<\/p>\n<p>En cuanto al recorrido de 15 kil\u00f3metros, en damas fue segunda en la general Mariana Borlle con 1h05m39s, ganando adem\u00e1s la categor\u00eda de 45 a 49 a\u00f1os. Soledad Morlio (Santa Fe) se impuso en la clasificaci\u00f3n femenina con 58m54s.<\/p>\n<p>En varones, Germ\u00e1n Fernandez fue octavo en la general con 56m45s. El ganador fue Brian Burgos (R\u00edo Cuarto) con 49m31s. Fernandez, integrante del grupo Wayra, qued\u00f3 segundo en su categor\u00eda, de 18 a 24 a\u00f1os.<\/p>\n<p>En la categor\u00eca de 40 a 44 a\u00f1os, el rafaelino Tom\u00e1s Vietto qued\u00f3 cuarto, en una menci\u00f3n a las performances m\u00e1s destacadas.<\/p>\n","protected":false},"excerpt":{"rendered":"<p>El s\u00e1bado se corri\u00f3 en la capital provincial la prueba pedestre \u00abSanta Fe Comercio\u00bb, sobre 10 y 15 kil\u00f3metros, en<\/p>\n","protected":false},"author":2,"featured_media":4882,"comment_status":"open","ping_status":"open","sticky":false,"template":"","format":"standard","meta":{"footnotes":""},"categories":[7,24],"tags":[],"class_list":["post-4881","post","type-post","status-publish","format-standard","has-post-thumbnail","hentry","category-atletismo","category-noticias-destacadas"],"cc_featured_image_caption":{"caption_text":"Mariana Borlle, Ezequiel Tello y Germ\u00e1n Fernandez, tres rafaelinos destacados en la competencia.","source_text":"","source_url":""},"_links":{"self":[{"href":"https:\/\/todoapulmon-rafaela.com\/index.php\/wp-json\/wp\/v2\/posts\/4881"}],"collection":[{"href":"https:\/\/todoapulmon-rafaela.com\/index.php\/wp-json\/wp\/v2\/posts"}],"about":[{"href":"https:\/\/todoapulmon-rafaela.com\/index.php\/wp-json\/wp\/v2\/types\/post"}],"author":[{"embeddable":true,"href":"https:\/\/todoapulmon-rafaela.com\/index.php\/wp-json\/wp\/v2\/users\/2"}],"replies":[{"embeddable":true,"href":"https:\/\/todoapulmon-rafaela.com\/index.php\/wp-json\/wp\/v2\/comments?post=4881"}],"version-history":[{"count":4,"href":"https:\/\/todoapulmon-rafaela.com\/index.php\/wp-json\/wp\/v2\/posts\/4881\/revisions"}],"predecessor-version":[{"id":4886,"href":"https:\/\/todoapulmon-rafaela.com\/index.php\/wp-json\/wp\/v2\/posts\/4881\/revisions\/4886"}],"wp:featuredmedia":[{"embeddable":true,"href":"https:\/\/todoapulmon-rafaela.com\/index.php\/wp-json\/wp\/v2\/media\/4882"}],"wp:attachment":[{"href":"https:\/\/todoapulmon-rafaela.com\/index.php\/wp-json\/wp\/v2\/media?parent=4881"}],"wp:term":[{"taxonomy":"category","embeddable":true,"href":"https:\/\/todoapulmon-rafaela.com\/index.php\/wp-json\/wp\/v2\/categories?post=4881"},{"taxonomy":"post_tag","embeddable":true,"href":"https:\/\/todoapulmon-rafaela.com\/index.php\/wp-json\/wp\/v2\/tags?post=4881"}],"curies":[{"name":"wp","href":"https:\/\/api.w.org\/{rel}","templated":true}]}}