{"id":48774,"date":"2024-06-05T20:49:03","date_gmt":"2024-06-05T20:49:03","guid":{"rendered":"https:\/\/todoapulmon-rafaela.com\/?p=48774"},"modified":"2024-06-05T20:49:03","modified_gmt":"2024-06-05T20:49:03","slug":"la-liga-nacional-de-futbol-para-ciegos-en-9-de-julio","status":"publish","type":"post","link":"https:\/\/todoapulmon-rafaela.com\/index.php\/2024\/06\/05\/la-liga-nacional-de-futbol-para-ciegos-en-9-de-julio\/","title":{"rendered":"La Liga Nacional de F\u00fatbol para Ciegos en 9 de Julio"},"content":{"rendered":"<p>Este s\u00e1bado y domingo se desarrollar\u00e1 en el estadio Germ\u00e1n Soltermam, del Club 9 de Julio, la segunda fecha de la Liga Nacional de F\u00fatbol para Ciegos FADEC, que cuenta por segundo a\u00f1o consecutivo con la participaci\u00f3n del equipo rojiblanco rafaelino.<br \/>\nEl cronograma de actividades y partidos es el siguiente:<\/p>\n<p>S\u00e1bado 15 horas: acto inaugural.<br \/>\n16: Los Buhos de Santa Fe vs. ARDEC de Rosario.<br \/>\n17.30: 9 de Julio vs. Los Guerreros de C\u00f3rdoba.<\/p>\n<p>Domingo 9.30: ARDEC vs. Los Guerreros.<br \/>\n11 horas: 9 de Julio vs. Los Buhos.<br \/>\n14: 9 de Julio vs. ARDEC.<br \/>\n15.30: Los Buhos vs. Los Guerreros.<\/p>\n<p>Cabe mencionar que la entrada ser\u00e1 libre y gratuita, invit\u00e1ndose al p\u00fablico en general a acompa\u00f1ar al equipo local, que tiene a Daniel Iturria (cordob\u00e9s radicado en Rafaela desde hace algunos a\u00f1os) como principal referente, recordando que ha formado parte en varias ocasiones de Los Murci\u00e9lagos.<\/p>\n","protected":false},"excerpt":{"rendered":"<p>Este s\u00e1bado y domingo se desarrollar\u00e1 en el estadio Germ\u00e1n Soltermam, del Club 9 de Julio, la segunda fecha de<\/p>\n","protected":false},"author":2,"featured_media":48775,"comment_status":"closed","ping_status":"closed","sticky":false,"template":"","format":"standard","meta":{"footnotes":""},"categories":[24],"tags":[],"class_list":["post-48774","post","type-post","status-publish","format-standard","has-post-thumbnail","hentry","category-noticias-destacadas"],"cc_featured_image_caption":{"caption_text":"","source_text":"","source_url":""},"_links":{"self":[{"href":"https:\/\/todoapulmon-rafaela.com\/index.php\/wp-json\/wp\/v2\/posts\/48774"}],"collection":[{"href":"https:\/\/todoapulmon-rafaela.com\/index.php\/wp-json\/wp\/v2\/posts"}],"about":[{"href":"https:\/\/todoapulmon-rafaela.com\/index.php\/wp-json\/wp\/v2\/types\/post"}],"author":[{"embeddable":true,"href":"https:\/\/todoapulmon-rafaela.com\/index.php\/wp-json\/wp\/v2\/users\/2"}],"replies":[{"embeddable":true,"href":"https:\/\/todoapulmon-rafaela.com\/index.php\/wp-json\/wp\/v2\/comments?post=48774"}],"version-history":[{"count":1,"href":"https:\/\/todoapulmon-rafaela.com\/index.php\/wp-json\/wp\/v2\/posts\/48774\/revisions"}],"predecessor-version":[{"id":48776,"href":"https:\/\/todoapulmon-rafaela.com\/index.php\/wp-json\/wp\/v2\/posts\/48774\/revisions\/48776"}],"wp:featuredmedia":[{"embeddable":true,"href":"https:\/\/todoapulmon-rafaela.com\/index.php\/wp-json\/wp\/v2\/media\/48775"}],"wp:attachment":[{"href":"https:\/\/todoapulmon-rafaela.com\/index.php\/wp-json\/wp\/v2\/media?parent=48774"}],"wp:term":[{"taxonomy":"category","embeddable":true,"href":"https:\/\/todoapulmon-rafaela.com\/index.php\/wp-json\/wp\/v2\/categories?post=48774"},{"taxonomy":"post_tag","embeddable":true,"href":"https:\/\/todoapulmon-rafaela.com\/index.php\/wp-json\/wp\/v2\/tags?post=48774"}],"curies":[{"name":"wp","href":"https:\/\/api.w.org\/{rel}","templated":true}]}}