{"id":48770,"date":"2024-06-05T20:23:08","date_gmt":"2024-06-05T20:23:08","guid":{"rendered":"https:\/\/todoapulmon-rafaela.com\/?p=48770"},"modified":"2024-06-05T20:23:08","modified_gmt":"2024-06-05T20:23:08","slug":"con-presencia-rafaelina-se-lanzo-el-partido-los-pumas-australia-en-santa-fe","status":"publish","type":"post","link":"https:\/\/todoapulmon-rafaela.com\/index.php\/2024\/06\/05\/con-presencia-rafaelina-se-lanzo-el-partido-los-pumas-australia-en-santa-fe\/","title":{"rendered":"Con presencia rafaelina se lanz\u00f3 el partido Los Pumas &#8211; Australia en Santa Fe"},"content":{"rendered":"<p>El gobernador de la Provincia de Santa Fe, Maximiliano Pullaro, acompa\u00f1ado del presidente de la Uni\u00f3n Argentina de Rugby, Gabriel Travaglini, present\u00f3 oficialmente el partido por el Rugby Championship entre Los Pumas y Australia que se disputar\u00e1 el s\u00e1bado 7 de septiembre en el estadio Brigadier L\u00f3pez de la ciudad de Santa Fe.<\/p>\n<p>En el acto realizado en el Sal\u00f3n Gris de Casa de Gobierno, en la capital provincial, estuvieron presentes adem\u00e1s el forward Mayco Vivas y el presidente de CRAR, Ernesto Defagot.<\/p>\n<p>\u201cDebemos sentir este evento como algo propio, como algo de la identidad que nos tiene que venir muy bien como Provincia y como ciudad. Debemos aprovecharlo mucho porque vamos a tener la mirada del mundo aqu\u00ed, en la capital provincial\u201d, valor\u00f3 Pullaro y luego reconoci\u00f3 la importancia \u201cno s\u00f3lo del evento en s\u00ed, sino de la inmensa oportunidad que se nos abre para que cada uno que venga a la ciudad se sienta acompa\u00f1ado y que vea lo mejor de Santa Fe; de todo lo que tenemos para mostrar de la inmensidad de nuestra provincia, de nuestra cultura, de nuestra forma de trabajo, de nuestra forma de relacionarnos\u201d. De , por eso \u201ctenemos un trabajo que llevar adelante durante todo este tiempo, que no es solamente el acompa\u00f1amiento que hace el gobierno de la provincia de Santa Fe y el agradecimiento profundo que tenemos por haber decidido venir aqu\u00ed: nos tenemos que preparar porque este es un evento mundial que viene a la capital provincial y cada santafesino y cada santafesina nos tenemos que sentir orgullosos\u201d, expres\u00f3 el gobernador Maximiliano Pullaro.<\/p>\n<p><a href=\"https:\/\/todoapulmon-rafaela.com\/wp-content\/uploads\/2024\/06\/Mayco-en-casa-de-gobierno.webp\"><img loading=\"lazy\" decoding=\"async\" class=\"alignnone size-full wp-image-48772\" src=\"https:\/\/todoapulmon-rafaela.com\/wp-content\/uploads\/2024\/06\/Mayco-en-casa-de-gobierno.webp\" alt=\"\" width=\"642\" height=\"361\" srcset=\"https:\/\/todoapulmon-rafaela.com\/wp-content\/uploads\/2024\/06\/Mayco-en-casa-de-gobierno.webp 642w, https:\/\/todoapulmon-rafaela.com\/wp-content\/uploads\/2024\/06\/Mayco-en-casa-de-gobierno-300x169.webp 300w\" sizes=\"(max-width: 642px) 100vw, 642px\" \/><\/a><\/p>\n<p>El acto de presentaci\u00f3n se concret\u00f3 este mi\u00e9rcoles 5 en el Sal\u00f3n Blanco de Casa de Gobierno y cont\u00f3 con la participaron la videgobernadora Gisela Scaglia; el intendente de Santa Fe, Juan Pablo Poletti; el presidente de la Uni\u00f3n Argentina de Rugby, Gabriel Travaglini; el presidente de la Uni\u00f3n Santafesina de Rugby, Enrique Patrizi; el vicepresidente ejecutivo de la Caja de Asistencia Social de la Provincia, Daniel Di Lena; la secretaria de Deportes de la provincia, Flavia Pad\u00edn; el productor del evento, Carlos Fertonani; diputados y senadores provinciales, entre otros.<\/p>\n<p>Vale se\u00f1alar que por primera vez en la historia, y con el apoyo del Gobierno santafesino, a trav\u00e9s de aportes de la Loter\u00eda de la Provincia de Santa Fe, Los Pumas jugar\u00e1n en la capital provincial en el marco del Rugby Championship. Se espera que m\u00e1s de 30.000 personas concurran a este evento internacional.<\/p>\n<p>Ante esto, y finalizando la presentaci\u00f3n del evento, el jugador \u201cPuma\u201d rafaelino, Mayco Vivas afirm\u00f3 que \u201ces muy lindo compartir un poco del interior del pa\u00eds con los dem\u00e1s jugadores de Los Pumas y todo el plantel. Para m\u00ed en lo personal es estar como en casa, por eso estoy muy contento de poder jugar ac\u00e1. El rugby profesional es muy exigente, tanto en lo mental como en lo f\u00edsico. Y jugar en Los Pumas siempre tiene un extra que es nada m\u00e1s y nada menos representar a tu pa\u00eds\u201d.<\/p>\n","protected":false},"excerpt":{"rendered":"<p>El gobernador de la Provincia de Santa Fe, Maximiliano Pullaro, acompa\u00f1ado del presidente de la Uni\u00f3n Argentina de Rugby, Gabriel<\/p>\n","protected":false},"author":2,"featured_media":48771,"comment_status":"closed","ping_status":"closed","sticky":false,"template":"","format":"standard","meta":{"footnotes":""},"categories":[24,2],"tags":[],"class_list":["post-48770","post","type-post","status-publish","format-standard","has-post-thumbnail","hentry","category-noticias-destacadas","category-rugby"],"cc_featured_image_caption":{"caption_text":"PRENSA GOBERNACION","source_text":"","source_url":""},"_links":{"self":[{"href":"https:\/\/todoapulmon-rafaela.com\/index.php\/wp-json\/wp\/v2\/posts\/48770"}],"collection":[{"href":"https:\/\/todoapulmon-rafaela.com\/index.php\/wp-json\/wp\/v2\/posts"}],"about":[{"href":"https:\/\/todoapulmon-rafaela.com\/index.php\/wp-json\/wp\/v2\/types\/post"}],"author":[{"embeddable":true,"href":"https:\/\/todoapulmon-rafaela.com\/index.php\/wp-json\/wp\/v2\/users\/2"}],"replies":[{"embeddable":true,"href":"https:\/\/todoapulmon-rafaela.com\/index.php\/wp-json\/wp\/v2\/comments?post=48770"}],"version-history":[{"count":1,"href":"https:\/\/todoapulmon-rafaela.com\/index.php\/wp-json\/wp\/v2\/posts\/48770\/revisions"}],"predecessor-version":[{"id":48773,"href":"https:\/\/todoapulmon-rafaela.com\/index.php\/wp-json\/wp\/v2\/posts\/48770\/revisions\/48773"}],"wp:featuredmedia":[{"embeddable":true,"href":"https:\/\/todoapulmon-rafaela.com\/index.php\/wp-json\/wp\/v2\/media\/48771"}],"wp:attachment":[{"href":"https:\/\/todoapulmon-rafaela.com\/index.php\/wp-json\/wp\/v2\/media?parent=48770"}],"wp:term":[{"taxonomy":"category","embeddable":true,"href":"https:\/\/todoapulmon-rafaela.com\/index.php\/wp-json\/wp\/v2\/categories?post=48770"},{"taxonomy":"post_tag","embeddable":true,"href":"https:\/\/todoapulmon-rafaela.com\/index.php\/wp-json\/wp\/v2\/tags?post=48770"}],"curies":[{"name":"wp","href":"https:\/\/api.w.org\/{rel}","templated":true}]}}